{"id":845,"date":"2019-05-08T23:03:19","date_gmt":"2019-05-08T21:03:19","guid":{"rendered":"http:\/\/www.accion-habitat.org\/forum-mondial-convergences\/"},"modified":"2019-09-06T13:53:40","modified_gmt":"2019-09-06T11:53:40","slug":"forum-mondial-convergences","status":"publish","type":"post","link":"https:\/\/www.accion-habitat.org\/ht\/forum-mondial-convergences\/","title":{"rendered":"Convergences Forum Mondyal"},"content":{"rendered":"<div class=\"wpb-content-wrapper\"><p>[vc_row][vc_column]<div class=\"dt-fancy-separator h3-size title-color accent-border-color\" style=\"width: 100%;\"><div class=\"dt-fancy-title bg-on\"><span class=\"separator-holder separator-left\"><\/span>Convergences Forum Mondyal ``F\u00e8 Sosyete, F\u00e8 Denmen`` nan Pari<span class=\"separator-holder separator-right\"><\/span><\/div><\/div>[vc_empty_space][vc_column_text]<\/p>\n<p style=\"text-align: center;\"><strong><span class=\"s6\">3 septanm ak 4y\u00e8m, 2018<\/span><\/strong><\/p>\n<p>[\/vc_column_text][\/vc_column][\/vc_row][vc_row][vc_column width=&#8221;1\/2&#8243;][vc_single_image image=&#8221;365&#8243; img_size=&#8221;large&#8221; alignment=&#8221;center&#8221; onclick=&#8221;link_image&#8221;][\/vc_column][vc_column width=&#8221;1\/2&#8243;][vc_single_image image=&#8221;349&#8243; img_size=&#8221;large&#8221; alignment=&#8221;center&#8221; onclick=&#8221;link_image&#8221;][\/vc_column][\/vc_row][vc_row][vc_column][vc_column_text]Habita-Site ak Fundasal te patisipe nan 11y\u00e8m Konv\u00e8rn Mondyal Forum &#8220;F\u00e8 Sosyete, F\u00e8 Denmen&#8221; nan Pari (Lafrans)! De jou sa yo nan deba ak atelye te pote ansanm 5,000 patisipan yo ak orat\u00e8 ki soti toupatou sou lat\u00e8 pou diskite sou solisyon pou yon Zewo Eksklizyon, Zewo Kab\u00f2n, Zewo Povrete mond.<\/p>\n<p>Twa ent\u00e8vansyon yo te pote soti nan patn\u00e8 yo nan pwoj\u00e8 nou an :<\/p>\n<ul>\n<li>Prezantasyon pwoj\u00e8 nou an &#8220;Aksyon amelyore abita a ak anviw\u00f2nman k ap viv pa ak pou fanm nan sitiyasyon delika nan Amerik Santral ak Karayib la&#8221;, ak Annabella Orange, Direkt\u00e8 nan Habitat-Site (Frans).<\/li>\n<li>&#8220;Kriz pratik nan abita nan Amerik Santral&#8221; ak Natalia Qui\u00f1onez, ekonomis nan Fundasal (El Salvador)<\/li>\n<li>&#8220;Pou yon abita adekwa e dirab: alt\u00e8nativ pou yon devlopman ki garanti dwa moun&#8221;, ak Olivier Moles, enjeny\u00e8 CRAterre (Frans).<\/li>\n<\/ul>\n<p>[\/vc_column_text][\/vc_column][\/vc_row]<\/p>\n<\/div>","protected":false},"excerpt":{"rendered":"<p>&#8220;F\u00e8 Sosyete, F\u00e8 Denmen&#8221; nan Pari. 3 septanm ak 4y\u00e8m, 2018. Habitat-Cit\u00e9 ak Fundasal te patisipe nan 11y\u00e8m Konv\u00e8rn Mondyal Forum&#8230;<\/p>\n","protected":false},"author":1,"featured_media":590,"comment_status":"closed","ping_status":"closed","sticky":false,"template":"","format":"standard","meta":[],"categories":[27],"tags":[],"yoast_head":"<!-- This site is optimized with the Yoast SEO plugin v17.5 - https:\/\/yoast.com\/wordpress\/plugins\/seo\/ -->\n<title>Convergences Forum Mondyal - Action pour l&#039;habitat | Acci\u00f3n por el h\u00e1bitat<\/title>\n<meta name=\"robots\" content=\"index, follow, max-snippet:-1, max-image-preview:large, max-video-preview:-1\" \/>\n<link rel=\"canonical\" href=\"https:\/\/www.accion-habitat.org\/ht\/forum-mondial-convergences\/\" \/>\n<meta property=\"og:locale\" content=\"ht_HT\" \/>\n<meta property=\"og:type\" content=\"article\" \/>\n<meta property=\"og:title\" content=\"Convergences Forum Mondyal - Action pour l&#039;habitat | Acci\u00f3n por el h\u00e1bitat\" \/>\n<meta property=\"og:description\" content=\"&quot;F\u00e8 Sosyete, F\u00e8 Denmen&quot; nan Pari. 3 septanm ak 4y\u00e8m, 2018. Habitat-Cit\u00e9 ak Fundasal te patisipe nan 11y\u00e8m Konv\u00e8rn Mondyal Forum...\" \/>\n<meta property=\"og:url\" content=\"https:\/\/www.accion-habitat.org\/ht\/forum-mondial-convergences\/\" \/>\n<meta property=\"og:site_name\" content=\"Action pour l&#039;habitat | Acci\u00f3n por el h\u00e1bitat\" \/>\n<meta property=\"article:published_time\" content=\"2019-05-08T21:03:19+00:00\" \/>\n<meta property=\"article:modified_time\" content=\"2019-09-06T11:53:40+00:00\" \/>\n<meta property=\"og:image\" content=\"http:\/\/www.accion-habitat.org\/wp-content\/uploads\/2019\/05\/Visuel-appel-a-contributions-2-V.jpg\" \/>\n\t<meta property=\"og:image:width\" content=\"400\" \/>\n\t<meta property=\"og:image:height\" content=\"267\" \/>\n<meta name=\"twitter:card\" content=\"summary_large_image\" \/>\n<meta name=\"twitter:label1\" content=\"Written by\" \/>\n\t<meta name=\"twitter:data1\" content=\"renaud\" \/>\n\t<meta name=\"twitter:label2\" content=\"Est. reading time\" \/>\n\t<meta name=\"twitter:data2\" content=\"1 minute\" \/>\n<script type=\"application\/ld+json\" class=\"yoast-schema-graph\">{\"@context\":\"https:\/\/schema.org\",\"@graph\":[{\"@type\":\"WebSite\",\"@id\":\"http:\/\/www.accion-habitat.org\/ht\/#website\",\"url\":\"http:\/\/www.accion-habitat.org\/ht\/\",\"name\":\"Action pour l&#039;habitat | Acci\\u00f3n por el h\\u00e1bitat\",\"description\":\"intercambiar para cambiar | \\u00e9changer pour changer\",\"potentialAction\":[{\"@type\":\"SearchAction\",\"target\":{\"@type\":\"EntryPoint\",\"urlTemplate\":\"http:\/\/www.accion-habitat.org\/ht\/?s={search_term_string}\"},\"query-input\":\"required name=search_term_string\"}],\"inLanguage\":\"ht-HT\"},{\"@type\":\"ImageObject\",\"@id\":\"https:\/\/www.accion-habitat.org\/ht\/forum-mondial-convergences\/#primaryimage\",\"inLanguage\":\"ht-HT\",\"url\":\"https:\/\/www.accion-habitat.org\/wp-content\/uploads\/2019\/05\/Visuel-appel-a-contributions-2-V.jpg\",\"contentUrl\":\"https:\/\/www.accion-habitat.org\/wp-content\/uploads\/2019\/05\/Visuel-appel-a-contributions-2-V.jpg\",\"width\":400,\"height\":267},{\"@type\":\"WebPage\",\"@id\":\"https:\/\/www.accion-habitat.org\/ht\/forum-mondial-convergences\/#webpage\",\"url\":\"https:\/\/www.accion-habitat.org\/ht\/forum-mondial-convergences\/\",\"name\":\"Convergences Forum Mondyal - Action pour l&#039;habitat | Acci\\u00f3n por el h\\u00e1bitat\",\"isPartOf\":{\"@id\":\"http:\/\/www.accion-habitat.org\/ht\/#website\"},\"primaryImageOfPage\":{\"@id\":\"https:\/\/www.accion-habitat.org\/ht\/forum-mondial-convergences\/#primaryimage\"},\"datePublished\":\"2019-05-08T21:03:19+00:00\",\"dateModified\":\"2019-09-06T11:53:40+00:00\",\"author\":{\"@id\":\"http:\/\/www.accion-habitat.org\/ht\/#\/schema\/person\/d56052d97f67131ad32855a05b6ca2e6\"},\"breadcrumb\":{\"@id\":\"https:\/\/www.accion-habitat.org\/ht\/forum-mondial-convergences\/#breadcrumb\"},\"inLanguage\":\"ht-HT\",\"potentialAction\":[{\"@type\":\"ReadAction\",\"target\":[\"https:\/\/www.accion-habitat.org\/ht\/forum-mondial-convergences\/\"]}]},{\"@type\":\"BreadcrumbList\",\"@id\":\"https:\/\/www.accion-habitat.org\/ht\/forum-mondial-convergences\/#breadcrumb\",\"itemListElement\":[{\"@type\":\"ListItem\",\"position\":1,\"name\":\"Accueil\",\"item\":\"http:\/\/www.accion-habitat.org\/ht\/\"},{\"@type\":\"ListItem\",\"position\":2,\"name\":\"Convergences Forum Mondyal\"}]},{\"@type\":\"Person\",\"@id\":\"http:\/\/www.accion-habitat.org\/ht\/#\/schema\/person\/d56052d97f67131ad32855a05b6ca2e6\",\"name\":\"renaud\",\"image\":{\"@type\":\"ImageObject\",\"@id\":\"http:\/\/www.accion-habitat.org\/ht\/#personlogo\",\"inLanguage\":\"ht-HT\",\"url\":\"https:\/\/secure.gravatar.com\/avatar\/dafc5227e60c02b6896a90fe2d0adc90?s=96&d=mm&r=g\",\"contentUrl\":\"https:\/\/secure.gravatar.com\/avatar\/dafc5227e60c02b6896a90fe2d0adc90?s=96&d=mm&r=g\",\"caption\":\"renaud\"},\"url\":\"https:\/\/www.accion-habitat.org\/ht\/author\/renaud\/\"}]}<\/script>\n<!-- \/ Yoast SEO plugin. -->","yoast_head_json":{"title":"Convergences Forum Mondyal - Action pour l&#039;habitat | Acci\u00f3n por el h\u00e1bitat","robots":{"index":"index","follow":"follow","max-snippet":"max-snippet:-1","max-image-preview":"max-image-preview:large","max-video-preview":"max-video-preview:-1"},"canonical":"https:\/\/www.accion-habitat.org\/ht\/forum-mondial-convergences\/","og_locale":"ht_HT","og_type":"article","og_title":"Convergences Forum Mondyal - Action pour l&#039;habitat | Acci\u00f3n por el h\u00e1bitat","og_description":"\"F\u00e8 Sosyete, F\u00e8 Denmen\" nan Pari. 3 septanm ak 4y\u00e8m, 2018. Habitat-Cit\u00e9 ak Fundasal te patisipe nan 11y\u00e8m Konv\u00e8rn Mondyal Forum...","og_url":"https:\/\/www.accion-habitat.org\/ht\/forum-mondial-convergences\/","og_site_name":"Action pour l&#039;habitat | Acci\u00f3n por el h\u00e1bitat","article_published_time":"2019-05-08T21:03:19+00:00","article_modified_time":"2019-09-06T11:53:40+00:00","og_image":[{"width":400,"height":267,"url":"http:\/\/www.accion-habitat.org\/wp-content\/uploads\/2019\/05\/Visuel-appel-a-contributions-2-V.jpg","type":"image\/jpeg"}],"twitter_card":"summary_large_image","twitter_misc":{"Written by":"renaud","Est. reading time":"1 minute"},"schema":{"@context":"https:\/\/schema.org","@graph":[{"@type":"WebSite","@id":"http:\/\/www.accion-habitat.org\/ht\/#website","url":"http:\/\/www.accion-habitat.org\/ht\/","name":"Action pour l&#039;habitat | Acci\u00f3n por el h\u00e1bitat","description":"intercambiar para cambiar | \u00e9changer pour changer","potentialAction":[{"@type":"SearchAction","target":{"@type":"EntryPoint","urlTemplate":"http:\/\/www.accion-habitat.org\/ht\/?s={search_term_string}"},"query-input":"required name=search_term_string"}],"inLanguage":"ht-HT"},{"@type":"ImageObject","@id":"https:\/\/www.accion-habitat.org\/ht\/forum-mondial-convergences\/#primaryimage","inLanguage":"ht-HT","url":"https:\/\/www.accion-habitat.org\/wp-content\/uploads\/2019\/05\/Visuel-appel-a-contributions-2-V.jpg","contentUrl":"https:\/\/www.accion-habitat.org\/wp-content\/uploads\/2019\/05\/Visuel-appel-a-contributions-2-V.jpg","width":400,"height":267},{"@type":"WebPage","@id":"https:\/\/www.accion-habitat.org\/ht\/forum-mondial-convergences\/#webpage","url":"https:\/\/www.accion-habitat.org\/ht\/forum-mondial-convergences\/","name":"Convergences Forum Mondyal - Action pour l&#039;habitat | Acci\u00f3n por el h\u00e1bitat","isPartOf":{"@id":"http:\/\/www.accion-habitat.org\/ht\/#website"},"primaryImageOfPage":{"@id":"https:\/\/www.accion-habitat.org\/ht\/forum-mondial-convergences\/#primaryimage"},"datePublished":"2019-05-08T21:03:19+00:00","dateModified":"2019-09-06T11:53:40+00:00","author":{"@id":"http:\/\/www.accion-habitat.org\/ht\/#\/schema\/person\/d56052d97f67131ad32855a05b6ca2e6"},"breadcrumb":{"@id":"https:\/\/www.accion-habitat.org\/ht\/forum-mondial-convergences\/#breadcrumb"},"inLanguage":"ht-HT","potentialAction":[{"@type":"ReadAction","target":["https:\/\/www.accion-habitat.org\/ht\/forum-mondial-convergences\/"]}]},{"@type":"BreadcrumbList","@id":"https:\/\/www.accion-habitat.org\/ht\/forum-mondial-convergences\/#breadcrumb","itemListElement":[{"@type":"ListItem","position":1,"name":"Accueil","item":"http:\/\/www.accion-habitat.org\/ht\/"},{"@type":"ListItem","position":2,"name":"Convergences Forum Mondyal"}]},{"@type":"Person","@id":"http:\/\/www.accion-habitat.org\/ht\/#\/schema\/person\/d56052d97f67131ad32855a05b6ca2e6","name":"renaud","image":{"@type":"ImageObject","@id":"http:\/\/www.accion-habitat.org\/ht\/#personlogo","inLanguage":"ht-HT","url":"https:\/\/secure.gravatar.com\/avatar\/dafc5227e60c02b6896a90fe2d0adc90?s=96&d=mm&r=g","contentUrl":"https:\/\/secure.gravatar.com\/avatar\/dafc5227e60c02b6896a90fe2d0adc90?s=96&d=mm&r=g","caption":"renaud"},"url":"https:\/\/www.accion-habitat.org\/ht\/author\/renaud\/"}]}},"_links":{"self":[{"href":"https:\/\/www.accion-habitat.org\/ht\/wp-json\/wp\/v2\/posts\/845"}],"collection":[{"href":"https:\/\/www.accion-habitat.org\/ht\/wp-json\/wp\/v2\/posts"}],"about":[{"href":"https:\/\/www.accion-habitat.org\/ht\/wp-json\/wp\/v2\/types\/post"}],"author":[{"embeddable":true,"href":"https:\/\/www.accion-habitat.org\/ht\/wp-json\/wp\/v2\/users\/1"}],"replies":[{"embeddable":true,"href":"https:\/\/www.accion-habitat.org\/ht\/wp-json\/wp\/v2\/comments?post=845"}],"version-history":[{"count":2,"href":"https:\/\/www.accion-habitat.org\/ht\/wp-json\/wp\/v2\/posts\/845\/revisions"}],"predecessor-version":[{"id":937,"href":"https:\/\/www.accion-habitat.org\/ht\/wp-json\/wp\/v2\/posts\/845\/revisions\/937"}],"wp:featuredmedia":[{"embeddable":true,"href":"https:\/\/www.accion-habitat.org\/ht\/wp-json\/wp\/v2\/media\/590"}],"wp:attachment":[{"href":"https:\/\/www.accion-habitat.org\/ht\/wp-json\/wp\/v2\/media?parent=845"}],"wp:term":[{"taxonomy":"category","embeddable":true,"href":"https:\/\/www.accion-habitat.org\/ht\/wp-json\/wp\/v2\/categories?post=845"},{"taxonomy":"post_tag","embeddable":true,"href":"https:\/\/www.accion-habitat.org\/ht\/wp-json\/wp\/v2\/tags?post=845"}],"curies":[{"name":"wp","href":"https:\/\/api.w.org\/{rel}","templated":true}]}}