{"id":843,"date":"2019-05-14T00:59:35","date_gmt":"2019-05-13T22:59:35","guid":{"rendered":"http:\/\/www.accion-habitat.org\/colloque-salvador\/"},"modified":"2019-09-06T10:59:56","modified_gmt":"2019-09-06T08:59:56","slug":"colloque-salvador","status":"publish","type":"post","link":"https:\/\/www.accion-habitat.org\/ht\/colloque-salvador\/","title":{"rendered":"Senpozyom ent\u00e8nasyonal nan Salvador"},"content":{"rendered":"<div class=\"wpb-content-wrapper\"><p>[vc_row][vc_column]<div class=\"dt-fancy-separator h4-size title-color accent-border-color\" style=\"width: 100%;\"><div class=\"dt-fancy-title bg-on\"><span class=\"separator-holder separator-left\"><\/span>Senpozyom ent\u00e8nasyonal nan Salvador: Fanm ki ka bati a lon\u00e8<span class=\"separator-holder separator-right\"><\/span><\/div><\/div>[vc_empty_space][vc_column_text]<\/p>\n<p style=\"text-align: center;\"><strong><span class=\"s6\">Oktob 2018<\/span><\/strong><\/p>\n<p>[\/vc_column_text][\/vc_column][\/vc_row][vc_row][vc_column]<style type=\"text\/css\" data-type=\"the7_shortcodes-inline-css\">.gallery-carousel-shortcode.gallery-carousel-shortcode-id-f4e4334970db1129fa750e558bdec279.owl-carousel .owl-nav div {\n  width: 36px;\n  height: 36px;\n  border-radius: 500px;\n}\n.dt-arrow-border-on.gallery-carousel-shortcode.gallery-carousel-shortcode-id-f4e4334970db1129fa750e558bdec279.owl-carousel .owl-nav div:not(:hover):before {\n  border-width: 0px;\n}\n.dt-arrow-hover-border-on.gallery-carousel-shortcode.gallery-carousel-shortcode-id-f4e4334970db1129fa750e558bdec279.owl-carousel .owl-nav div:hover:after {\n  border-width: 0px;\n}\n.gallery-carousel-shortcode.gallery-carousel-shortcode-id-f4e4334970db1129fa750e558bdec279.owl-carousel .owl-nav div.owl-prev {\n  top: 50%;\n  transform: translateY(calc(-50% + 0px));\n  left: -43px;\n}\n@media all and (-ms-high-contrast: none) {\n  .gallery-carousel-shortcode.gallery-carousel-shortcode-id-f4e4334970db1129fa750e558bdec279.owl-carousel .owl-nav div.owl-prev {\n    transform: translateY(-50%);\n    margin-top: 0px;\n  }\n}\n.gallery-carousel-shortcode.gallery-carousel-shortcode-id-f4e4334970db1129fa750e558bdec279.owl-carousel .owl-nav div.owl-prev i {\n  padding: 0px 0px 0px 0px;\n}\n.gallery-carousel-shortcode.gallery-carousel-shortcode-id-f4e4334970db1129fa750e558bdec279.owl-carousel .owl-nav div.owl-next {\n  top: 50%;\n  transform: translateY(calc(-50% + 0px));\n  right: -43px;\n}\n@media all and (-ms-high-contrast: none) {\n  .gallery-carousel-shortcode.gallery-carousel-shortcode-id-f4e4334970db1129fa750e558bdec279.owl-carousel .owl-nav div.owl-next {\n    transform: translateY(-50%);\n    margin-top: 0px;\n  }\n}\n.gallery-carousel-shortcode.gallery-carousel-shortcode-id-f4e4334970db1129fa750e558bdec279.owl-carousel .owl-nav div.owl-next i {\n  padding: 0px 0px 0px 0px;\n}\n.gallery-carousel-shortcode.gallery-carousel-shortcode-id-f4e4334970db1129fa750e558bdec279.owl-carousel .owl-nav i {\n  font-size: 18px;\n}\n.gallery-carousel-shortcode.gallery-carousel-shortcode-id-f4e4334970db1129fa750e558bdec279.owl-carousel .owl-nav div:not(:hover) i,\n.gallery-carousel-shortcode.gallery-carousel-shortcode-id-f4e4334970db1129fa750e558bdec279.owl-carousel .owl-nav div:not(:hover) i:before {\n  color: #ffffff;\n  background: none;\n}\n.gallery-carousel-shortcode.gallery-carousel-shortcode-id-f4e4334970db1129fa750e558bdec279.owl-carousel .owl-nav div:hover i,\n.gallery-carousel-shortcode.gallery-carousel-shortcode-id-f4e4334970db1129fa750e558bdec279.owl-carousel .owl-nav div:hover i:before {\n  color: rgba(255,255,255,0.75);\n  background: none;\n}\n.gallery-carousel-shortcode.gallery-carousel-shortcode-id-f4e4334970db1129fa750e558bdec279 .owl-dots {\n  top: calc(100% + 20px);\n  left: 50%;\n  transform: translateX(calc(-50% + 0px));\n}\n@media all and (-ms-high-contrast: none) {\n  .gallery-carousel-shortcode.gallery-carousel-shortcode-id-f4e4334970db1129fa750e558bdec279 .owl-dots {\n    transform: translateX(-50%);\n    margin-left: 0px;\n  }\n}\n.gallery-carousel-shortcode.gallery-carousel-shortcode-id-f4e4334970db1129fa750e558bdec279 .owl-dot {\n  width: 10px;\n  height: 10px;\n  margin: 0 8px;\n}\n@media screen and (max-width: 778px) {\n  .gallery-carousel-shortcode.gallery-carousel-shortcode-id-f4e4334970db1129fa750e558bdec279.hide-arrows .owl-nav a {\n    display: none;\n  }\n}\n@media screen and (max-width: 778px) {\n  .gallery-carousel-shortcode.gallery-carousel-shortcode-id-f4e4334970db1129fa750e558bdec279.reposition-arrows .owl-nav .owl-prev {\n    top: 50%;\n    transform: translateY(calc(-50% + 0px));\n    left: 10px;\n  }\n  .gallery-carousel-shortcode.gallery-carousel-shortcode-id-f4e4334970db1129fa750e558bdec279.reposition-arrows .owl-nav .owl-next {\n    top: 50%;\n    transform: translateY(calc(-50% + 0px));\n    right: 10px;\n  }\n}\n@media screen and (max-width: 778px) and all and (-ms-high-contrast: none) {\n  .gallery-carousel-shortcode.gallery-carousel-shortcode-id-f4e4334970db1129fa750e558bdec279.reposition-arrows .owl-nav .owl-prev {\n    transform: translateY(-50%);\n    margin-top: 0px;\n  }\n}\n@media screen and (max-width: 778px) and all and (-ms-high-contrast: none) {\n  .gallery-carousel-shortcode.gallery-carousel-shortcode-id-f4e4334970db1129fa750e558bdec279.reposition-arrows .owl-nav .owl-next {\n    transform: translateY(-50%);\n    margin-top: 0px;\n  }\n}\n.gallery-carousel-shortcode.gallery-carousel-shortcode-id-f4e4334970db1129fa750e558bdec279 figure,\n.gallery-carousel-shortcode.gallery-carousel-shortcode-id-f4e4334970db1129fa750e558bdec279 .rollover,\n.gallery-carousel-shortcode.gallery-carousel-shortcode-id-f4e4334970db1129fa750e558bdec279 img,\n.gallery-carousel-shortcode.gallery-carousel-shortcode-id-f4e4334970db1129fa750e558bdec279 .gallery-rollover {\n  border-radius: 0px;\n}\n.gallery-carousel-shortcode.gallery-carousel-shortcode-id-f4e4334970db1129fa750e558bdec279.enable-bg-rollover .gallery-rollover {\n  background: -webkit-linear-gradient();\n  background: linear-gradient();\n}\n.gallery-carousel-shortcode.gallery-carousel-shortcode-id-f4e4334970db1129fa750e558bdec279.enable-img-shadow .owl-stage-outer {\n  padding: 14px 0;\n}\n.gallery-carousel-shortcode.gallery-carousel-shortcode-id-f4e4334970db1129fa750e558bdec279.enable-bg-rollover.hover-scale figure .rollover:after {\n  background: -webkit-linear-gradient();\n  background: linear-gradient();\n}\n.gallery-carousel-shortcode.gallery-carousel-shortcode-id-f4e4334970db1129fa750e558bdec279.gallery-shortcode .gallery-zoom-ico {\n  width: 44px;\n  height: 44px;\n  line-height: 44px;\n  border-radius: 100px;\n  margin: -22px 0 0 -22px;\n  border-width: 0px;\n}\n.dt-icon-bg-on.gallery-carousel-shortcode.gallery-carousel-shortcode-id-f4e4334970db1129fa750e558bdec279.gallery-shortcode .gallery-zoom-ico {\n  background: rgba(255,255,255,0.3);\n  box-shadow: none;\n}\n.gallery-carousel-shortcode.gallery-carousel-shortcode-id-f4e4334970db1129fa750e558bdec279.gallery-shortcode .gallery-zoom-ico:before,\n.gallery-carousel-shortcode.gallery-carousel-shortcode-id-f4e4334970db1129fa750e558bdec279.gallery-shortcode .gallery-zoom-ico span {\n  font-size: 32px;\n  line-height: 44px;\n  color: #ffffff;\n  background: none;\n}\n<\/style><div class=\"owl-carousel gallery-carousel-shortcode gallery-shortcode  dt-gallery-container dt-owl-carousel-call gallery-carousel-shortcode-id-f4e4334970db1129fa750e558bdec279 quick-scale-img enable-bg-rollover meta-info-off dt-arrow-border-on dt-arrow-hover-border-on bullets-small-dot-stroke reposition-arrows dt-icon-bg-off arrows-bg-on disable-arrows-hover-bg arrows-hover-bg-on  hover-fade \" data-scroll-mode=\"1\" data-col-num=\"3\" data-wide-col-num=\"3\" data-laptop-col=\"3\" data-h-tablet-columns-num=\"3\" data-v-tablet-columns-num=\"3\" data-phone-columns-num=\"1\" data-col-gap=\"10\" data-stage-padding=\"0\" data-speed=\"600\" data-autoplay=\"false\" data-autoplay_speed=\"6000\" data-arrows=\"true\" data-bullet=\"false\" data-next-icon=\"icon-ar-017-r\" data-prev-icon=\"icon-ar-017-l\" data-img-shadow-size=\"12px\" data-img-shadow-spread=\"3px\"><div data-post-id=\"591\" data-date=\"2019-06-18T00:07:56+02:00\" data-name=\"Stephane-ETIENNE_Salvador_Colloque-31\"><figure class=\"post\"><a href=\"https:\/\/www.accion-habitat.org\/wp-content\/uploads\/2019\/05\/Stephane-ETIENNE_Salvador_Colloque-31.jpg\" class=\"rollover dt-pswp-item layzr-bg\" data-large_image_width=\"1024\" data-large_image_height=\"678\" data-dt-img-description=\"\" title=\"Stephane-ETIENNE_Salvador_Colloque-31\"><img class=\"preload-me owl-lazy-load aspect\" src=\"data:image\/svg+xml,%3Csvg%20xmlns%3D&#39;http%3A%2F%2Fwww.w3.org%2F2000%2Fsvg&#39;%20viewBox%3D&#39;0%200%201024%20678&#39;%2F%3E\" data-src=\"https:\/\/www.accion-habitat.org\/wp-content\/uploads\/2019\/05\/Stephane-ETIENNE_Salvador_Colloque-31.jpg\" data-srcset=\"https:\/\/www.accion-habitat.org\/wp-content\/uploads\/2019\/05\/Stephane-ETIENNE_Salvador_Colloque-31.jpg 1024w\" loading=\"eager\" style=\"--ratio: 1024 \/ 678\" sizes=\"(max-width: 1024px) 100vw, 1024px\" alt=\"\" width=\"1024\" height=\"678\"  \/><span class=\"gallery-rollover\"><span class=\"gallery-zoom-ico icomoon-the7-font-the7-zoom-06\"><span><\/span><\/span><\/span><\/a><\/figure><\/div><div data-post-id=\"593\" data-date=\"2019-06-18T00:07:53+02:00\" data-name=\"Stephane-ETIENNE_Salvador_Colloque-11\"><figure class=\"post\"><a href=\"https:\/\/www.accion-habitat.org\/wp-content\/uploads\/2019\/05\/Stephane-ETIENNE_Salvador_Colloque-11.jpg\" class=\"rollover dt-pswp-item layzr-bg\" data-large_image_width=\"1024\" data-large_image_height=\"678\" data-dt-img-description=\"\" title=\"Stephane-ETIENNE_Salvador_Colloque-11\"><img class=\"preload-me owl-lazy-load aspect\" src=\"data:image\/svg+xml,%3Csvg%20xmlns%3D&#39;http%3A%2F%2Fwww.w3.org%2F2000%2Fsvg&#39;%20viewBox%3D&#39;0%200%201024%20678&#39;%2F%3E\" data-src=\"https:\/\/www.accion-habitat.org\/wp-content\/uploads\/2019\/05\/Stephane-ETIENNE_Salvador_Colloque-11.jpg\" data-srcset=\"https:\/\/www.accion-habitat.org\/wp-content\/uploads\/2019\/05\/Stephane-ETIENNE_Salvador_Colloque-11.jpg 1024w\" loading=\"eager\" style=\"--ratio: 1024 \/ 678\" sizes=\"(max-width: 1024px) 100vw, 1024px\" alt=\"\" width=\"1024\" height=\"678\"  \/><span class=\"gallery-rollover\"><span class=\"gallery-zoom-ico icomoon-the7-font-the7-zoom-06\"><span><\/span><\/span><\/span><\/a><\/figure><\/div><div data-post-id=\"595\" data-date=\"2019-06-18T00:07:51+02:00\" data-name=\"Nadege-QUINTALLET_Salvador_Colloque-1\"><figure class=\"post\"><a href=\"https:\/\/www.accion-habitat.org\/wp-content\/uploads\/2019\/05\/Nadege-QUINTALLET_Salvador_Colloque-1.jpg\" class=\"rollover dt-pswp-item layzr-bg\" data-large_image_width=\"1024\" data-large_image_height=\"678\" data-dt-img-description=\"\" title=\"Nadege-QUINTALLET_Salvador_Colloque-1\"><img class=\"preload-me owl-lazy-load aspect\" src=\"data:image\/svg+xml,%3Csvg%20xmlns%3D&#39;http%3A%2F%2Fwww.w3.org%2F2000%2Fsvg&#39;%20viewBox%3D&#39;0%200%201024%20678&#39;%2F%3E\" data-src=\"https:\/\/www.accion-habitat.org\/wp-content\/uploads\/2019\/05\/Nadege-QUINTALLET_Salvador_Colloque-1.jpg\" data-srcset=\"https:\/\/www.accion-habitat.org\/wp-content\/uploads\/2019\/05\/Nadege-QUINTALLET_Salvador_Colloque-1.jpg 1024w\" loading=\"eager\" style=\"--ratio: 1024 \/ 678\" sizes=\"(max-width: 1024px) 100vw, 1024px\" alt=\"\" width=\"1024\" height=\"678\"  \/><span class=\"gallery-rollover\"><span class=\"gallery-zoom-ico icomoon-the7-font-the7-zoom-06\"><span><\/span><\/span><\/span><\/a><\/figure><\/div><\/div>[vc_empty_space][\/vc_column][\/vc_row][vc_row][vc_column][vc_column_text]Py\u00e9 adan labou pou bati brik sou lat\u00e8, similasyon tranbl\u00e8man de t\u00e8, at\u00e8ly\u00e9 a kominikasyon ou byen pawtaj alantou nan t\u00e8knik nan konstwiksyon lokal. S\u00e9t\u00e9 on tan f\u00f4 nan pr\u00e8my\u00e9 senpozyom nan pwoj\u00e8 &#8220;Aksyon yo am\u00e9lyor\u00e9 kot\u00e9 k\u00e9 ap viv ak anviw\u00f2nman ka ap viv&#8221; ki te \u00f2ganiz\u00e9 nan El Salvador nan mwa Okt\u00f2b d\u00e9mil dizwuite pa FUNDASAL patn\u00e8 lokal nou an.<\/p>\n<p>Pr\u00e8sk\u00e8 sansenkant akt\u00e8 loka lak r\u00e9jyonal t\u00e9 r\u00e9yini ansanm pou \u00e9chanj\u00e9 lid\u00e9 yo. Pami yo d\u00e9 awtizan Ayisyen ak d\u00e9 awtizan nikaragwa ki r\u00e8s\u00e8vwa fowmasyon nan mat\u00e9wy\u00e8l loka ak r\u00e8pw\u00e9zantan lokal nan patn\u00e8 yo nan Ayiti (Ojucah ak Adresfem) ak Nikaragwa (AMNLAE-Granada).<\/p>\n<p>On tan enpowtan nan pwoj\u00e8 entanasyonal nou an pou ranj\u00e9 pwatik ak anrichi kon\u00e9sans chak lot. Nou k\u00e9 vw\u00e8 nan pwochen konf\u00e9rans lan an Ayiti nan mwa d\u00e9sanm d\u00e9mil disn\u00e8f.<\/p>\n<p>Gad\u00e9 vid\u00e9yo a <a href=\"https:\/\/www.facebook.com\/watch\/?v=285439112359063\" target=\"_blank\" rel=\"noopener noreferrer\">https:\/\/www.facebook.com\/watch\/?v=285439112359063<\/a>[\/vc_column_text][\/vc_column][\/vc_row]<\/p>\n<\/div>","protected":false},"excerpt":{"rendered":"<p>Oktob 2018, Fanm ki ka bati a lon\u00e8. Py\u00e9 adan labou pou bati&#8230;<\/p>\n","protected":false},"author":1,"featured_media":594,"comment_status":"closed","ping_status":"closed","sticky":false,"template":"","format":"standard","meta":[],"categories":[27],"tags":[],"yoast_head":"<!-- This site is optimized with the Yoast SEO plugin v17.5 - https:\/\/yoast.com\/wordpress\/plugins\/seo\/ -->\n<title>Senpozyom ent\u00e8nasyonal nan Salvador - Action pour l&#039;habitat | Acci\u00f3n por el h\u00e1bitat<\/title>\n<meta name=\"robots\" content=\"index, follow, max-snippet:-1, max-image-preview:large, max-video-preview:-1\" \/>\n<link rel=\"canonical\" href=\"https:\/\/www.accion-habitat.org\/ht\/colloque-salvador\/\" \/>\n<meta property=\"og:locale\" content=\"ht_HT\" \/>\n<meta property=\"og:type\" content=\"article\" \/>\n<meta property=\"og:title\" content=\"Senpozyom ent\u00e8nasyonal nan Salvador - Action pour l&#039;habitat | Acci\u00f3n por el h\u00e1bitat\" \/>\n<meta property=\"og:description\" content=\"Oktob 2018, Fanm ki ka bati a lon\u00e8. Py\u00e9 adan labou pou bati...\" \/>\n<meta property=\"og:url\" content=\"https:\/\/www.accion-habitat.org\/ht\/colloque-salvador\/\" \/>\n<meta property=\"og:site_name\" content=\"Action pour l&#039;habitat | Acci\u00f3n por el h\u00e1bitat\" \/>\n<meta property=\"article:published_time\" content=\"2019-05-13T22:59:35+00:00\" \/>\n<meta property=\"article:modified_time\" content=\"2019-09-06T08:59:56+00:00\" \/>\n<meta property=\"og:image\" content=\"http:\/\/www.accion-habitat.org\/wp-content\/uploads\/2019\/05\/Stephane-ETIENNE_Salvador_Colloque-11-V.jpg\" \/>\n\t<meta property=\"og:image:width\" content=\"400\" \/>\n\t<meta property=\"og:image:height\" content=\"265\" \/>\n<meta name=\"twitter:card\" content=\"summary_large_image\" \/>\n<meta name=\"twitter:label1\" content=\"Written by\" \/>\n\t<meta name=\"twitter:data1\" content=\"renaud\" \/>\n\t<meta name=\"twitter:label2\" content=\"Est. reading time\" \/>\n\t<meta name=\"twitter:data2\" content=\"2 minutes\" \/>\n<script type=\"application\/ld+json\" class=\"yoast-schema-graph\">{\"@context\":\"https:\/\/schema.org\",\"@graph\":[{\"@type\":\"WebSite\",\"@id\":\"http:\/\/www.accion-habitat.org\/ht\/#website\",\"url\":\"http:\/\/www.accion-habitat.org\/ht\/\",\"name\":\"Action pour l&#039;habitat | Acci\\u00f3n por el h\\u00e1bitat\",\"description\":\"intercambiar para cambiar | \\u00e9changer pour changer\",\"potentialAction\":[{\"@type\":\"SearchAction\",\"target\":{\"@type\":\"EntryPoint\",\"urlTemplate\":\"http:\/\/www.accion-habitat.org\/ht\/?s={search_term_string}\"},\"query-input\":\"required name=search_term_string\"}],\"inLanguage\":\"ht-HT\"},{\"@type\":\"ImageObject\",\"@id\":\"https:\/\/www.accion-habitat.org\/ht\/colloque-salvador\/#primaryimage\",\"inLanguage\":\"ht-HT\",\"url\":\"https:\/\/www.accion-habitat.org\/wp-content\/uploads\/2019\/05\/Stephane-ETIENNE_Salvador_Colloque-11-V.jpg\",\"contentUrl\":\"https:\/\/www.accion-habitat.org\/wp-content\/uploads\/2019\/05\/Stephane-ETIENNE_Salvador_Colloque-11-V.jpg\",\"width\":400,\"height\":265},{\"@type\":\"WebPage\",\"@id\":\"https:\/\/www.accion-habitat.org\/ht\/colloque-salvador\/#webpage\",\"url\":\"https:\/\/www.accion-habitat.org\/ht\/colloque-salvador\/\",\"name\":\"Senpozyom ent\\u00e8nasyonal nan Salvador - Action pour l&#039;habitat | Acci\\u00f3n por el h\\u00e1bitat\",\"isPartOf\":{\"@id\":\"http:\/\/www.accion-habitat.org\/ht\/#website\"},\"primaryImageOfPage\":{\"@id\":\"https:\/\/www.accion-habitat.org\/ht\/colloque-salvador\/#primaryimage\"},\"datePublished\":\"2019-05-13T22:59:35+00:00\",\"dateModified\":\"2019-09-06T08:59:56+00:00\",\"author\":{\"@id\":\"http:\/\/www.accion-habitat.org\/ht\/#\/schema\/person\/d56052d97f67131ad32855a05b6ca2e6\"},\"breadcrumb\":{\"@id\":\"https:\/\/www.accion-habitat.org\/ht\/colloque-salvador\/#breadcrumb\"},\"inLanguage\":\"ht-HT\",\"potentialAction\":[{\"@type\":\"ReadAction\",\"target\":[\"https:\/\/www.accion-habitat.org\/ht\/colloque-salvador\/\"]}]},{\"@type\":\"BreadcrumbList\",\"@id\":\"https:\/\/www.accion-habitat.org\/ht\/colloque-salvador\/#breadcrumb\",\"itemListElement\":[{\"@type\":\"ListItem\",\"position\":1,\"name\":\"Accueil\",\"item\":\"http:\/\/www.accion-habitat.org\/ht\/\"},{\"@type\":\"ListItem\",\"position\":2,\"name\":\"Senpozyom ent\\u00e8nasyonal nan Salvador\"}]},{\"@type\":\"Person\",\"@id\":\"http:\/\/www.accion-habitat.org\/ht\/#\/schema\/person\/d56052d97f67131ad32855a05b6ca2e6\",\"name\":\"renaud\",\"image\":{\"@type\":\"ImageObject\",\"@id\":\"http:\/\/www.accion-habitat.org\/ht\/#personlogo\",\"inLanguage\":\"ht-HT\",\"url\":\"https:\/\/secure.gravatar.com\/avatar\/dafc5227e60c02b6896a90fe2d0adc90?s=96&d=mm&r=g\",\"contentUrl\":\"https:\/\/secure.gravatar.com\/avatar\/dafc5227e60c02b6896a90fe2d0adc90?s=96&d=mm&r=g\",\"caption\":\"renaud\"},\"url\":\"https:\/\/www.accion-habitat.org\/ht\/author\/renaud\/\"}]}<\/script>\n<!-- \/ Yoast SEO plugin. -->","yoast_head_json":{"title":"Senpozyom ent\u00e8nasyonal nan Salvador - Action pour l&#039;habitat | Acci\u00f3n por el h\u00e1bitat","robots":{"index":"index","follow":"follow","max-snippet":"max-snippet:-1","max-image-preview":"max-image-preview:large","max-video-preview":"max-video-preview:-1"},"canonical":"https:\/\/www.accion-habitat.org\/ht\/colloque-salvador\/","og_locale":"ht_HT","og_type":"article","og_title":"Senpozyom ent\u00e8nasyonal nan Salvador - Action pour l&#039;habitat | Acci\u00f3n por el h\u00e1bitat","og_description":"Oktob 2018, Fanm ki ka bati a lon\u00e8. Py\u00e9 adan labou pou bati...","og_url":"https:\/\/www.accion-habitat.org\/ht\/colloque-salvador\/","og_site_name":"Action pour l&#039;habitat | Acci\u00f3n por el h\u00e1bitat","article_published_time":"2019-05-13T22:59:35+00:00","article_modified_time":"2019-09-06T08:59:56+00:00","og_image":[{"width":400,"height":265,"url":"http:\/\/www.accion-habitat.org\/wp-content\/uploads\/2019\/05\/Stephane-ETIENNE_Salvador_Colloque-11-V.jpg","type":"image\/jpeg"}],"twitter_card":"summary_large_image","twitter_misc":{"Written by":"renaud","Est. reading time":"2 minutes"},"schema":{"@context":"https:\/\/schema.org","@graph":[{"@type":"WebSite","@id":"http:\/\/www.accion-habitat.org\/ht\/#website","url":"http:\/\/www.accion-habitat.org\/ht\/","name":"Action pour l&#039;habitat | Acci\u00f3n por el h\u00e1bitat","description":"intercambiar para cambiar | \u00e9changer pour changer","potentialAction":[{"@type":"SearchAction","target":{"@type":"EntryPoint","urlTemplate":"http:\/\/www.accion-habitat.org\/ht\/?s={search_term_string}"},"query-input":"required name=search_term_string"}],"inLanguage":"ht-HT"},{"@type":"ImageObject","@id":"https:\/\/www.accion-habitat.org\/ht\/colloque-salvador\/#primaryimage","inLanguage":"ht-HT","url":"https:\/\/www.accion-habitat.org\/wp-content\/uploads\/2019\/05\/Stephane-ETIENNE_Salvador_Colloque-11-V.jpg","contentUrl":"https:\/\/www.accion-habitat.org\/wp-content\/uploads\/2019\/05\/Stephane-ETIENNE_Salvador_Colloque-11-V.jpg","width":400,"height":265},{"@type":"WebPage","@id":"https:\/\/www.accion-habitat.org\/ht\/colloque-salvador\/#webpage","url":"https:\/\/www.accion-habitat.org\/ht\/colloque-salvador\/","name":"Senpozyom ent\u00e8nasyonal nan Salvador - Action pour l&#039;habitat | Acci\u00f3n por el h\u00e1bitat","isPartOf":{"@id":"http:\/\/www.accion-habitat.org\/ht\/#website"},"primaryImageOfPage":{"@id":"https:\/\/www.accion-habitat.org\/ht\/colloque-salvador\/#primaryimage"},"datePublished":"2019-05-13T22:59:35+00:00","dateModified":"2019-09-06T08:59:56+00:00","author":{"@id":"http:\/\/www.accion-habitat.org\/ht\/#\/schema\/person\/d56052d97f67131ad32855a05b6ca2e6"},"breadcrumb":{"@id":"https:\/\/www.accion-habitat.org\/ht\/colloque-salvador\/#breadcrumb"},"inLanguage":"ht-HT","potentialAction":[{"@type":"ReadAction","target":["https:\/\/www.accion-habitat.org\/ht\/colloque-salvador\/"]}]},{"@type":"BreadcrumbList","@id":"https:\/\/www.accion-habitat.org\/ht\/colloque-salvador\/#breadcrumb","itemListElement":[{"@type":"ListItem","position":1,"name":"Accueil","item":"http:\/\/www.accion-habitat.org\/ht\/"},{"@type":"ListItem","position":2,"name":"Senpozyom ent\u00e8nasyonal nan Salvador"}]},{"@type":"Person","@id":"http:\/\/www.accion-habitat.org\/ht\/#\/schema\/person\/d56052d97f67131ad32855a05b6ca2e6","name":"renaud","image":{"@type":"ImageObject","@id":"http:\/\/www.accion-habitat.org\/ht\/#personlogo","inLanguage":"ht-HT","url":"https:\/\/secure.gravatar.com\/avatar\/dafc5227e60c02b6896a90fe2d0adc90?s=96&d=mm&r=g","contentUrl":"https:\/\/secure.gravatar.com\/avatar\/dafc5227e60c02b6896a90fe2d0adc90?s=96&d=mm&r=g","caption":"renaud"},"url":"https:\/\/www.accion-habitat.org\/ht\/author\/renaud\/"}]}},"_links":{"self":[{"href":"https:\/\/www.accion-habitat.org\/ht\/wp-json\/wp\/v2\/posts\/843"}],"collection":[{"href":"https:\/\/www.accion-habitat.org\/ht\/wp-json\/wp\/v2\/posts"}],"about":[{"href":"https:\/\/www.accion-habitat.org\/ht\/wp-json\/wp\/v2\/types\/post"}],"author":[{"embeddable":true,"href":"https:\/\/www.accion-habitat.org\/ht\/wp-json\/wp\/v2\/users\/1"}],"replies":[{"embeddable":true,"href":"https:\/\/www.accion-habitat.org\/ht\/wp-json\/wp\/v2\/comments?post=843"}],"version-history":[{"count":2,"href":"https:\/\/www.accion-habitat.org\/ht\/wp-json\/wp\/v2\/posts\/843\/revisions"}],"predecessor-version":[{"id":882,"href":"https:\/\/www.accion-habitat.org\/ht\/wp-json\/wp\/v2\/posts\/843\/revisions\/882"}],"wp:featuredmedia":[{"embeddable":true,"href":"https:\/\/www.accion-habitat.org\/ht\/wp-json\/wp\/v2\/media\/594"}],"wp:attachment":[{"href":"https:\/\/www.accion-habitat.org\/ht\/wp-json\/wp\/v2\/media?parent=843"}],"wp:term":[{"taxonomy":"category","embeddable":true,"href":"https:\/\/www.accion-habitat.org\/ht\/wp-json\/wp\/v2\/categories?post=843"},{"taxonomy":"post_tag","embeddable":true,"href":"https:\/\/www.accion-habitat.org\/ht\/wp-json\/wp\/v2\/tags?post=843"}],"curies":[{"name":"wp","href":"https:\/\/api.w.org\/{rel}","templated":true}]}}