{"id":237,"date":"2019-05-14T23:37:30","date_gmt":"2019-05-14T21:37:30","guid":{"rendered":"http:\/\/www.accion-habitat.org\/temoignage-2\/"},"modified":"2021-11-05T15:07:07","modified_gmt":"2021-11-05T14:07:07","slug":"temoignage-prosper","status":"publish","type":"post","link":"https:\/\/www.accion-habitat.org\/es\/temoignage-prosper\/","title":{"rendered":"Prosper Jean-Pierre"},"content":{"rendered":"<div class=\"wpb-content-wrapper\"><p>[vc_row][vc_column]<div class=\"dt-fancy-separator title-left h4-size style-disabled\" style=\"width: 100%;\"><div class=\"dt-fancy-title bg-on\" style=\"color: #c68f14;\"><span class=\"separator-holder separator-left\"><\/span>Ha\u00efti<span class=\"separator-holder separator-right\"><\/span><\/div><\/div>[vc_empty_space]<div class=\"dt-fancy-separator h3-size title-color accent-border-color\" style=\"width: 100%;\"><div class=\"dt-fancy-title bg-on\"><span class=\"separator-holder separator-left\"><\/span>Prosper Jean Pierre<span class=\"separator-holder separator-right\"><\/span><\/div><\/div>[vc_empty_space][vc_column_text]<\/p>\n<p style=\"text-align: center;\"><strong>La solidarit\u00e9, c&#8217;est le sel de la vie !<\/strong><\/p>\n<p>[\/vc_column_text]<style type=\"text\/css\" data-type=\"the7_shortcodes-inline-css\">.gallery-carousel-shortcode.gallery-carousel-shortcode-id-bba2a4f98959a1e650635b9de007050a.owl-carousel .owl-nav div {\n  width: 36px;\n  height: 36px;\n  border-radius: 500px;\n}\n.dt-arrow-border-on.gallery-carousel-shortcode.gallery-carousel-shortcode-id-bba2a4f98959a1e650635b9de007050a.owl-carousel .owl-nav div:not(:hover):before {\n  border-width: 0px;\n}\n.dt-arrow-hover-border-on.gallery-carousel-shortcode.gallery-carousel-shortcode-id-bba2a4f98959a1e650635b9de007050a.owl-carousel .owl-nav div:hover:after {\n  border-width: 0px;\n}\n.gallery-carousel-shortcode.gallery-carousel-shortcode-id-bba2a4f98959a1e650635b9de007050a.owl-carousel .owl-nav div.owl-prev {\n  top: 50%;\n  transform: translateY(calc(-50% + 0px));\n  left: -43px;\n}\n@media all and (-ms-high-contrast: none) {\n  .gallery-carousel-shortcode.gallery-carousel-shortcode-id-bba2a4f98959a1e650635b9de007050a.owl-carousel .owl-nav div.owl-prev {\n    transform: translateY(-50%);\n    margin-top: 0px;\n  }\n}\n.gallery-carousel-shortcode.gallery-carousel-shortcode-id-bba2a4f98959a1e650635b9de007050a.owl-carousel .owl-nav div.owl-prev i {\n  padding: 0px 0px 0px 0px;\n}\n.gallery-carousel-shortcode.gallery-carousel-shortcode-id-bba2a4f98959a1e650635b9de007050a.owl-carousel .owl-nav div.owl-next {\n  top: 50%;\n  transform: translateY(calc(-50% + 0px));\n  right: -43px;\n}\n@media all and (-ms-high-contrast: none) {\n  .gallery-carousel-shortcode.gallery-carousel-shortcode-id-bba2a4f98959a1e650635b9de007050a.owl-carousel .owl-nav div.owl-next {\n    transform: translateY(-50%);\n    margin-top: 0px;\n  }\n}\n.gallery-carousel-shortcode.gallery-carousel-shortcode-id-bba2a4f98959a1e650635b9de007050a.owl-carousel .owl-nav div.owl-next i {\n  padding: 0px 0px 0px 0px;\n}\n.gallery-carousel-shortcode.gallery-carousel-shortcode-id-bba2a4f98959a1e650635b9de007050a.owl-carousel .owl-nav i {\n  font-size: 18px;\n}\n.gallery-carousel-shortcode.gallery-carousel-shortcode-id-bba2a4f98959a1e650635b9de007050a.owl-carousel .owl-nav div:not(:hover) i,\n.gallery-carousel-shortcode.gallery-carousel-shortcode-id-bba2a4f98959a1e650635b9de007050a.owl-carousel .owl-nav div:not(:hover) i:before {\n  color: #ffffff;\n  background: none;\n}\n.gallery-carousel-shortcode.gallery-carousel-shortcode-id-bba2a4f98959a1e650635b9de007050a.owl-carousel .owl-nav div:hover i,\n.gallery-carousel-shortcode.gallery-carousel-shortcode-id-bba2a4f98959a1e650635b9de007050a.owl-carousel .owl-nav div:hover i:before {\n  color: rgba(255,255,255,0.75);\n  background: none;\n}\n.gallery-carousel-shortcode.gallery-carousel-shortcode-id-bba2a4f98959a1e650635b9de007050a .owl-dots {\n  top: calc(100% + 20px);\n  left: 50%;\n  transform: translateX(calc(-50% + 0px));\n}\n@media all and (-ms-high-contrast: none) {\n  .gallery-carousel-shortcode.gallery-carousel-shortcode-id-bba2a4f98959a1e650635b9de007050a .owl-dots {\n    transform: translateX(-50%);\n    margin-left: 0px;\n  }\n}\n.gallery-carousel-shortcode.gallery-carousel-shortcode-id-bba2a4f98959a1e650635b9de007050a .owl-dot {\n  width: 10px;\n  height: 10px;\n  margin: 0 8px;\n}\n@media screen and (max-width: 778px) {\n  .gallery-carousel-shortcode.gallery-carousel-shortcode-id-bba2a4f98959a1e650635b9de007050a.hide-arrows .owl-nav a {\n    display: none;\n  }\n}\n@media screen and (max-width: 778px) {\n  .gallery-carousel-shortcode.gallery-carousel-shortcode-id-bba2a4f98959a1e650635b9de007050a.reposition-arrows .owl-nav .owl-prev {\n    top: 50%;\n    transform: translateY(calc(-50% + 0px));\n    left: 10px;\n  }\n  .gallery-carousel-shortcode.gallery-carousel-shortcode-id-bba2a4f98959a1e650635b9de007050a.reposition-arrows .owl-nav .owl-next {\n    top: 50%;\n    transform: translateY(calc(-50% + 0px));\n    right: 10px;\n  }\n}\n@media screen and (max-width: 778px) and all and (-ms-high-contrast: none) {\n  .gallery-carousel-shortcode.gallery-carousel-shortcode-id-bba2a4f98959a1e650635b9de007050a.reposition-arrows .owl-nav .owl-prev {\n    transform: translateY(-50%);\n    margin-top: 0px;\n  }\n}\n@media screen and (max-width: 778px) and all and (-ms-high-contrast: none) {\n  .gallery-carousel-shortcode.gallery-carousel-shortcode-id-bba2a4f98959a1e650635b9de007050a.reposition-arrows .owl-nav .owl-next {\n    transform: translateY(-50%);\n    margin-top: 0px;\n  }\n}\n.gallery-carousel-shortcode.gallery-carousel-shortcode-id-bba2a4f98959a1e650635b9de007050a figure,\n.gallery-carousel-shortcode.gallery-carousel-shortcode-id-bba2a4f98959a1e650635b9de007050a .rollover,\n.gallery-carousel-shortcode.gallery-carousel-shortcode-id-bba2a4f98959a1e650635b9de007050a img,\n.gallery-carousel-shortcode.gallery-carousel-shortcode-id-bba2a4f98959a1e650635b9de007050a .gallery-rollover {\n  border-radius: 0px;\n}\n.gallery-carousel-shortcode.gallery-carousel-shortcode-id-bba2a4f98959a1e650635b9de007050a.enable-bg-rollover .gallery-rollover {\n  background: -webkit-linear-gradient();\n  background: linear-gradient();\n}\n.gallery-carousel-shortcode.gallery-carousel-shortcode-id-bba2a4f98959a1e650635b9de007050a.enable-img-shadow .owl-stage-outer {\n  padding: 4px 0;\n}\n.gallery-carousel-shortcode.gallery-carousel-shortcode-id-bba2a4f98959a1e650635b9de007050a.enable-bg-rollover.hover-scale figure .rollover:after {\n  background: -webkit-linear-gradient();\n  background: linear-gradient();\n}\n.gallery-carousel-shortcode.gallery-carousel-shortcode-id-bba2a4f98959a1e650635b9de007050a.gallery-shortcode .gallery-zoom-ico {\n  width: 44px;\n  height: 44px;\n  line-height: 44px;\n  border-radius: 100px;\n  margin: -22px 0 0 -22px;\n  border-width: 0px;\n}\n.dt-icon-bg-on.gallery-carousel-shortcode.gallery-carousel-shortcode-id-bba2a4f98959a1e650635b9de007050a.gallery-shortcode .gallery-zoom-ico {\n  background: rgba(255,255,255,0.3);\n  box-shadow: none;\n}\n.gallery-carousel-shortcode.gallery-carousel-shortcode-id-bba2a4f98959a1e650635b9de007050a.gallery-shortcode .gallery-zoom-ico:before,\n.gallery-carousel-shortcode.gallery-carousel-shortcode-id-bba2a4f98959a1e650635b9de007050a.gallery-shortcode .gallery-zoom-ico span {\n  font-size: 32px;\n  line-height: 44px;\n  color: #ffffff;\n  background: none;\n}\n<\/style><div class=\"owl-carousel gallery-carousel-shortcode gallery-shortcode  dt-gallery-container dt-owl-carousel-call gallery-carousel-shortcode-id-bba2a4f98959a1e650635b9de007050a quick-scale-img enable-bg-rollover meta-info-off dt-arrow-border-on dt-arrow-hover-border-on bullets-small-dot-stroke reposition-arrows dt-icon-bg-off arrows-bg-on disable-arrows-hover-bg arrows-hover-bg-on  hover-fade \" data-scroll-mode=\"1\" data-col-num=\"1\" data-wide-col-num=\"1\" data-laptop-col=\"1\" data-h-tablet-columns-num=\"1\" data-v-tablet-columns-num=\"1\" data-phone-columns-num=\"1\" data-col-gap=\"0\" data-stage-padding=\"0\" data-speed=\"600\" data-autoplay=\"false\" data-autoplay_speed=\"6000\" data-arrows=\"true\" data-bullet=\"false\" data-next-icon=\"icon-ar-017-r\" data-prev-icon=\"icon-ar-017-l\" data-img-shadow-size=\"12px\" data-img-shadow-spread=\"3px\"><div data-post-id=\"1281\" data-date=\"2020-08-14T12:27:07+02:00\" data-name=\"P r osper_Ojucah\"><figure class=\"post\"><a href=\"https:\/\/www.accion-habitat.org\/wp-content\/uploads\/2019\/05\/P-r-osper_Ojucah.jpg\" class=\"rollover dt-pswp-item layzr-bg\" data-large_image_width=\"1000\" data-large_image_height=\"667\" data-dt-img-description=\"\" title=\"P r osper_Ojucah\"><img class=\"preload-me owl-lazy-load aspect\" src=\"data:image\/svg+xml,%3Csvg%20xmlns%3D&#39;http%3A%2F%2Fwww.w3.org%2F2000%2Fsvg&#39;%20viewBox%3D&#39;0%200%201000%20500&#39;%2F%3E\" data-src=\"https:\/\/www.accion-habitat.org\/wp-content\/uploads\/2019\/05\/P-r-osper_Ojucah-1000x500.jpg\" data-srcset=\"https:\/\/www.accion-habitat.org\/wp-content\/uploads\/2019\/05\/P-r-osper_Ojucah-1000x500.jpg 1000w\" loading=\"eager\" style=\"--ratio: 1000 \/ 500\" sizes=\"(max-width: 1000px) 100vw, 1000px\" alt=\"\" width=\"1000\" height=\"500\"  \/><span class=\"gallery-rollover\"><span class=\"gallery-zoom-ico icomoon-the7-font-the7-zoom-06\"><span><\/span><\/span><\/span><\/a><\/figure><\/div><\/div>[\/vc_column][\/vc_row][vc_row][vc_column][vc_column_text]<\/p>\n<p lang=\"es-ES\" align=\"JUSTIFY\"><strong><span lang=\"fr-FR\">Forte de 1200 membres, l&#8217;Ojucah est le partenaire ha\u00eftien du projet Action pour l&#8217;Habitat. Prosper en est le tr\u00e9sorier depuis bient\u00f4t 10 ans et l&#8217;un des fondateurs. Professionnel de l\u2019aide au d\u00e9veloppement, il est aussi responsable r\u00e9gional du Fond Ha\u00eftien d\u00b4Aide \u00e0 la Femme depuis 2007. Mais c\u2019est en tant que b\u00e9n\u00e9vole qu\u2019il est l\u2019un des responsables de l\u2019Ojucah. Avec sa voix de baryton et son charisme enjou\u00e9, Prosper \u00e9voque ici l&#8217;\u00e9volution de son association, dont le travail avec les habitants de communes rurales de La Vall\u00e9e et Bainet est de plus en plus reconnue dans le Sud-est d&#8217;Ha\u00efti.<\/span><\/strong><\/p>\n<p>[\/vc_column_text]<div class=\"dt-fancy-separator title-left h3-size accent-title-color\" style=\"width: 100%;\"><div class=\"dt-fancy-title\"><span class=\"separator-holder separator-left\"><\/span>Natif natal !<span class=\"separator-holder separator-right\"><\/span><\/div><\/div>[vc_column_text]<\/p>\n<p lang=\"es-ES\" align=\"JUSTIFY\"><span lang=\"fr-FR\">\u00ab\u00a0Je suis de la communaut\u00e9, je fais partie de la communaut\u00e9, je suis all\u00e9 \u00e0 l\u00b4\u00e9cole de la communaut\u00e9. La maison de ma grand-m\u00e8re se trouve \u00e0 quelques pas du bureau de l\u2019Ojucah\u00a0!\u00a0\u00bb (Organisation des Jeunes Universitaires de Carrefour pour l\u00b4Avancement d\u00b4Ha\u00efti). Prosper est un <\/span><span lang=\"fr-FR\"><i>natif natal<\/i><\/span><span lang=\"fr-FR\">, comme on dit en Ha\u00efti. Mais La Vall\u00e9e est une commune rurale et isol\u00e9e qui offre peu de perspectives d\u2019avenir pour les jeunes. \u00ab\u00a0Apr\u00e8s nos \u00e9tudes primaires, tous les jeunes nous sommes partis \u00e0 Port-au-Prince parce qu\u2019\u00e0 cette \u00e9poque-l\u00e0, il n\u00b4y avait pas d\u00b4\u00e9cole secondaire ici.\u00a0\u00bb<\/span><\/p>\n<p>[\/vc_column_text]<div class=\"dt-fancy-separator title-left h3-size accent-title-color\" style=\"width: 100%;\"><div class=\"dt-fancy-title\"><span class=\"separator-holder separator-left\"><\/span>\u00ab Il faut que \u00e7a change ! \u00bb<span class=\"separator-holder separator-right\"><\/span><\/div><\/div>[vc_column_text]<\/p>\n<p lang=\"fr-FR\" align=\"JUSTIFY\">\u00ab\u00a0Pendant les vacances, on retournait dans la zone, on s\u00b4amusait entre nous, mais on avait pris conscience que la situation de notre communaut\u00e9 se d\u00e9gradait encore.<\/p>\n<p lang=\"es-ES\" align=\"JUSTIFY\"><span lang=\"fr-FR\">L\u00e0 o\u00f9 se trouve le bureau de l\u2019Ojucah, il n\u00b4y avait plus un seul arbre. A perte de vue, les collines \u00e9taient d\u00e9nud\u00e9es et devenaient st\u00e9riles. On s&#8217;est dit \u00ab\u00a0c\u00b4est pas possible, il faut que \u00e7a change\u00a0!\u00a0\u00bb C\u00b4est important de faire quelque chose de plus s\u00e9rieux, en tan<\/span><span lang=\"fr-FR\">t que jeunes de la communaut\u00e9. On a alors d\u00e9cid\u00e9 de se mettre ensemble, de se r\u00e9unir, et c\u00b4est l\u00e0 que nous avons cr\u00e9\u00e9 le Comit\u00e9 des jeunes de Lavial, l&#8217;organisation ant\u00e9rieure \u00e0 l\u2019Ojucah \u00bb. C&#8217;\u00e9tait il y a plus de 20 ans.<\/span><\/p>\n<p lang=\"fr-FR\" align=\"JUSTIFY\">Les projets de d\u00e9veloppement commencent alors \u00e0 \u00e9merger et les id\u00e9es se concr\u00e9tisent, comme l\u2019acc\u00e8s \u00e0 l\u2019eau potable pour les habitants. Malgr\u00e9 le scepticisme de certains. \u00ab\u00a0Le maire de la Vall\u00e9e de l\u2019\u00e9poque se moquait de nous. Il disait que nous \u00e9tions des r\u00eaveurs, que nous allions apporter de l&#8217;eau dans des bambous. Mais en moins de deux ans, des gens de Lavial avaient d\u00e9j\u00e0 de l\u00b4eau qui coulait dans leurs robinets\u00a0! \u00bb<\/p>\n<p>[\/vc_column_text]<style type=\"text\/css\" data-type=\"the7_shortcodes-inline-css\">.gallery-carousel-shortcode.gallery-carousel-shortcode-id-2d79ef8fc4d538cb2e6ae7537912ef40.owl-carousel .owl-nav div {\n  width: 36px;\n  height: 36px;\n  border-radius: 500px;\n}\n.dt-arrow-border-on.gallery-carousel-shortcode.gallery-carousel-shortcode-id-2d79ef8fc4d538cb2e6ae7537912ef40.owl-carousel .owl-nav div:not(:hover):before {\n  border-width: 0px;\n}\n.dt-arrow-hover-border-on.gallery-carousel-shortcode.gallery-carousel-shortcode-id-2d79ef8fc4d538cb2e6ae7537912ef40.owl-carousel .owl-nav div:hover:after {\n  border-width: 0px;\n}\n.gallery-carousel-shortcode.gallery-carousel-shortcode-id-2d79ef8fc4d538cb2e6ae7537912ef40.owl-carousel .owl-nav div.owl-prev {\n  top: 50%;\n  transform: translateY(calc(-50% + 0px));\n  left: -43px;\n}\n@media all and (-ms-high-contrast: none) {\n  .gallery-carousel-shortcode.gallery-carousel-shortcode-id-2d79ef8fc4d538cb2e6ae7537912ef40.owl-carousel .owl-nav div.owl-prev {\n    transform: translateY(-50%);\n    margin-top: 0px;\n  }\n}\n.gallery-carousel-shortcode.gallery-carousel-shortcode-id-2d79ef8fc4d538cb2e6ae7537912ef40.owl-carousel .owl-nav div.owl-prev i {\n  padding: 0px 0px 0px 0px;\n}\n.gallery-carousel-shortcode.gallery-carousel-shortcode-id-2d79ef8fc4d538cb2e6ae7537912ef40.owl-carousel .owl-nav div.owl-next {\n  top: 50%;\n  transform: translateY(calc(-50% + 0px));\n  right: -43px;\n}\n@media all and (-ms-high-contrast: none) {\n  .gallery-carousel-shortcode.gallery-carousel-shortcode-id-2d79ef8fc4d538cb2e6ae7537912ef40.owl-carousel .owl-nav div.owl-next {\n    transform: translateY(-50%);\n    margin-top: 0px;\n  }\n}\n.gallery-carousel-shortcode.gallery-carousel-shortcode-id-2d79ef8fc4d538cb2e6ae7537912ef40.owl-carousel .owl-nav div.owl-next i {\n  padding: 0px 0px 0px 0px;\n}\n.gallery-carousel-shortcode.gallery-carousel-shortcode-id-2d79ef8fc4d538cb2e6ae7537912ef40.owl-carousel .owl-nav i {\n  font-size: 18px;\n}\n.gallery-carousel-shortcode.gallery-carousel-shortcode-id-2d79ef8fc4d538cb2e6ae7537912ef40.owl-carousel .owl-nav div:not(:hover) i,\n.gallery-carousel-shortcode.gallery-carousel-shortcode-id-2d79ef8fc4d538cb2e6ae7537912ef40.owl-carousel .owl-nav div:not(:hover) i:before {\n  color: #ffffff;\n  background: none;\n}\n.gallery-carousel-shortcode.gallery-carousel-shortcode-id-2d79ef8fc4d538cb2e6ae7537912ef40.owl-carousel .owl-nav div:hover i,\n.gallery-carousel-shortcode.gallery-carousel-shortcode-id-2d79ef8fc4d538cb2e6ae7537912ef40.owl-carousel .owl-nav div:hover i:before {\n  color: rgba(255,255,255,0.75);\n  background: none;\n}\n.gallery-carousel-shortcode.gallery-carousel-shortcode-id-2d79ef8fc4d538cb2e6ae7537912ef40 .owl-dots {\n  top: calc(100% + 20px);\n  left: 50%;\n  transform: translateX(calc(-50% + 0px));\n}\n@media all and (-ms-high-contrast: none) {\n  .gallery-carousel-shortcode.gallery-carousel-shortcode-id-2d79ef8fc4d538cb2e6ae7537912ef40 .owl-dots {\n    transform: translateX(-50%);\n    margin-left: 0px;\n  }\n}\n.gallery-carousel-shortcode.gallery-carousel-shortcode-id-2d79ef8fc4d538cb2e6ae7537912ef40 .owl-dot {\n  width: 10px;\n  height: 10px;\n  margin: 0 8px;\n}\n@media screen and (max-width: 778px) {\n  .gallery-carousel-shortcode.gallery-carousel-shortcode-id-2d79ef8fc4d538cb2e6ae7537912ef40.hide-arrows .owl-nav a {\n    display: none;\n  }\n}\n@media screen and (max-width: 778px) {\n  .gallery-carousel-shortcode.gallery-carousel-shortcode-id-2d79ef8fc4d538cb2e6ae7537912ef40.reposition-arrows .owl-nav .owl-prev {\n    top: 50%;\n    transform: translateY(calc(-50% + 0px));\n    left: 10px;\n  }\n  .gallery-carousel-shortcode.gallery-carousel-shortcode-id-2d79ef8fc4d538cb2e6ae7537912ef40.reposition-arrows .owl-nav .owl-next {\n    top: 50%;\n    transform: translateY(calc(-50% + 0px));\n    right: 10px;\n  }\n}\n@media screen and (max-width: 778px) and all and (-ms-high-contrast: none) {\n  .gallery-carousel-shortcode.gallery-carousel-shortcode-id-2d79ef8fc4d538cb2e6ae7537912ef40.reposition-arrows .owl-nav .owl-prev {\n    transform: translateY(-50%);\n    margin-top: 0px;\n  }\n}\n@media screen and (max-width: 778px) and all and (-ms-high-contrast: none) {\n  .gallery-carousel-shortcode.gallery-carousel-shortcode-id-2d79ef8fc4d538cb2e6ae7537912ef40.reposition-arrows .owl-nav .owl-next {\n    transform: translateY(-50%);\n    margin-top: 0px;\n  }\n}\n.gallery-carousel-shortcode.gallery-carousel-shortcode-id-2d79ef8fc4d538cb2e6ae7537912ef40 figure,\n.gallery-carousel-shortcode.gallery-carousel-shortcode-id-2d79ef8fc4d538cb2e6ae7537912ef40 .rollover,\n.gallery-carousel-shortcode.gallery-carousel-shortcode-id-2d79ef8fc4d538cb2e6ae7537912ef40 img,\n.gallery-carousel-shortcode.gallery-carousel-shortcode-id-2d79ef8fc4d538cb2e6ae7537912ef40 .gallery-rollover {\n  border-radius: 0px;\n}\n.gallery-carousel-shortcode.gallery-carousel-shortcode-id-2d79ef8fc4d538cb2e6ae7537912ef40.enable-bg-rollover .gallery-rollover {\n  background: -webkit-linear-gradient();\n  background: linear-gradient();\n}\n.gallery-carousel-shortcode.gallery-carousel-shortcode-id-2d79ef8fc4d538cb2e6ae7537912ef40.enable-img-shadow .owl-stage-outer {\n  padding: 14px 0;\n}\n.gallery-carousel-shortcode.gallery-carousel-shortcode-id-2d79ef8fc4d538cb2e6ae7537912ef40.enable-bg-rollover.hover-scale figure .rollover:after {\n  background: -webkit-linear-gradient();\n  background: linear-gradient();\n}\n.gallery-carousel-shortcode.gallery-carousel-shortcode-id-2d79ef8fc4d538cb2e6ae7537912ef40.gallery-shortcode .gallery-zoom-ico {\n  width: 44px;\n  height: 44px;\n  line-height: 44px;\n  border-radius: 100px;\n  margin: -22px 0 0 -22px;\n  border-width: 0px;\n}\n.dt-icon-bg-on.gallery-carousel-shortcode.gallery-carousel-shortcode-id-2d79ef8fc4d538cb2e6ae7537912ef40.gallery-shortcode .gallery-zoom-ico {\n  background: rgba(255,255,255,0.3);\n  box-shadow: none;\n}\n.gallery-carousel-shortcode.gallery-carousel-shortcode-id-2d79ef8fc4d538cb2e6ae7537912ef40.gallery-shortcode .gallery-zoom-ico:before,\n.gallery-carousel-shortcode.gallery-carousel-shortcode-id-2d79ef8fc4d538cb2e6ae7537912ef40.gallery-shortcode .gallery-zoom-ico span {\n  font-size: 32px;\n  line-height: 44px;\n  color: #ffffff;\n  background: none;\n}\n<\/style><div class=\"owl-carousel gallery-carousel-shortcode gallery-shortcode  dt-gallery-container dt-owl-carousel-call gallery-carousel-shortcode-id-2d79ef8fc4d538cb2e6ae7537912ef40 quick-scale-img enable-bg-rollover meta-info-off dt-arrow-border-on dt-arrow-hover-border-on bullets-small-dot-stroke reposition-arrows dt-icon-bg-off arrows-bg-on disable-arrows-hover-bg arrows-hover-bg-on  hover-fade \" data-scroll-mode=\"1\" data-col-num=\"4\" data-wide-col-num=\"4\" data-laptop-col=\"4\" data-h-tablet-columns-num=\"4\" data-v-tablet-columns-num=\"3\" data-phone-columns-num=\"1\" data-col-gap=\"10\" data-stage-padding=\"0\" data-speed=\"600\" data-autoplay=\"false\" data-autoplay_speed=\"6000\" data-arrows=\"true\" data-bullet=\"false\" data-next-icon=\"icon-ar-017-r\" data-prev-icon=\"icon-ar-017-l\" data-img-shadow-size=\"12px\" data-img-shadow-spread=\"3px\"><div data-post-id=\"1264\" data-date=\"2020-08-13T19:04:21+02:00\" data-name=\"Denar 2-1\"><figure class=\"post\"><a href=\"https:\/\/www.accion-habitat.org\/wp-content\/uploads\/2019\/05\/Denar-2-1.jpg\" class=\"rollover dt-pswp-item layzr-bg\" data-large_image_width=\"400\" data-large_image_height=\"266\" data-dt-img-description=\"\" title=\"Denar 2-1\"><img class=\"preload-me owl-lazy-load aspect\" src=\"data:image\/svg+xml,%3Csvg%20xmlns%3D&#39;http%3A%2F%2Fwww.w3.org%2F2000%2Fsvg&#39;%20viewBox%3D&#39;0%200%20399%20266&#39;%2F%3E\" data-src=\"https:\/\/www.accion-habitat.org\/wp-content\/uploads\/2019\/05\/Denar-2-1.jpg\" data-srcset=\"https:\/\/www.accion-habitat.org\/wp-content\/uploads\/2019\/05\/Denar-2-1.jpg 399w\" loading=\"eager\" style=\"--ratio: 399 \/ 266\" sizes=\"(max-width: 399px) 100vw, 399px\" alt=\"\" width=\"399\" height=\"266\"  \/><span class=\"gallery-rollover\"><span class=\"gallery-zoom-ico icomoon-the7-font-the7-zoom-06\"><span><\/span><\/span><\/span><\/a><\/figure><\/div><div data-post-id=\"1249\" data-date=\"2020-08-13T19:03:57+02:00\" data-name=\"Activite reglement bos 4-5\"><figure class=\"post\"><a href=\"https:\/\/www.accion-habitat.org\/wp-content\/uploads\/2019\/05\/Activite-reglement-bos-4-5.jpg\" class=\"rollover dt-pswp-item layzr-bg\" data-large_image_width=\"400\" data-large_image_height=\"267\" data-dt-img-description=\"\" title=\"Activite reglement bos 4-5\"><img class=\"preload-me owl-lazy-load aspect\" src=\"data:image\/svg+xml,%3Csvg%20xmlns%3D&#39;http%3A%2F%2Fwww.w3.org%2F2000%2Fsvg&#39;%20viewBox%3D&#39;0%200%20399%20266&#39;%2F%3E\" data-src=\"https:\/\/www.accion-habitat.org\/wp-content\/uploads\/2019\/05\/Activite-reglement-bos-4-5.jpg\" data-srcset=\"https:\/\/www.accion-habitat.org\/wp-content\/uploads\/2019\/05\/Activite-reglement-bos-4-5.jpg 399w\" loading=\"eager\" style=\"--ratio: 399 \/ 266\" sizes=\"(max-width: 399px) 100vw, 399px\" alt=\"\" width=\"399\" height=\"266\"  \/><span class=\"gallery-rollover\"><span class=\"gallery-zoom-ico icomoon-the7-font-the7-zoom-06\"><span><\/span><\/span><\/span><\/a><\/figure><\/div><div data-post-id=\"1258\" data-date=\"2020-08-13T19:04:10+02:00\" data-name=\"Assemblee Communautaire Denard 15-7\"><figure class=\"post\"><a href=\"https:\/\/www.accion-habitat.org\/wp-content\/uploads\/2019\/05\/Assemblee-Communautaire-Denard-15-7.jpg\" class=\"rollover dt-pswp-item layzr-bg\" data-large_image_width=\"400\" data-large_image_height=\"267\" data-dt-img-description=\"\" title=\"Assemblee Communautaire Denard 15-7\"><img class=\"preload-me owl-lazy-load aspect\" src=\"data:image\/svg+xml,%3Csvg%20xmlns%3D&#39;http%3A%2F%2Fwww.w3.org%2F2000%2Fsvg&#39;%20viewBox%3D&#39;0%200%20399%20266&#39;%2F%3E\" data-src=\"https:\/\/www.accion-habitat.org\/wp-content\/uploads\/2019\/05\/Assemblee-Communautaire-Denard-15-7.jpg\" data-srcset=\"https:\/\/www.accion-habitat.org\/wp-content\/uploads\/2019\/05\/Assemblee-Communautaire-Denard-15-7.jpg 399w\" loading=\"eager\" style=\"--ratio: 399 \/ 266\" sizes=\"(max-width: 399px) 100vw, 399px\" alt=\"\" width=\"399\" height=\"266\"  \/><span class=\"gallery-rollover\"><span class=\"gallery-zoom-ico icomoon-the7-font-the7-zoom-06\"><span><\/span><\/span><\/span><\/a><\/figure><\/div><div data-post-id=\"1255\" data-date=\"2020-08-13T19:04:06+02:00\" data-name=\"Assemblee Communautaire Denard 7-6\"><figure class=\"post\"><a href=\"https:\/\/www.accion-habitat.org\/wp-content\/uploads\/2019\/05\/Assemblee-Communautaire-Denard-7-6.jpg\" class=\"rollover dt-pswp-item layzr-bg\" data-large_image_width=\"400\" data-large_image_height=\"267\" data-dt-img-description=\"\" title=\"Assemblee Communautaire Denard 7-6\"><img class=\"preload-me owl-lazy-load aspect\" src=\"data:image\/svg+xml,%3Csvg%20xmlns%3D&#39;http%3A%2F%2Fwww.w3.org%2F2000%2Fsvg&#39;%20viewBox%3D&#39;0%200%20399%20266&#39;%2F%3E\" data-src=\"https:\/\/www.accion-habitat.org\/wp-content\/uploads\/2019\/05\/Assemblee-Communautaire-Denard-7-6.jpg\" data-srcset=\"https:\/\/www.accion-habitat.org\/wp-content\/uploads\/2019\/05\/Assemblee-Communautaire-Denard-7-6.jpg 399w\" loading=\"eager\" style=\"--ratio: 399 \/ 266\" sizes=\"(max-width: 399px) 100vw, 399px\" alt=\"\" width=\"399\" height=\"266\"  \/><span class=\"gallery-rollover\"><span class=\"gallery-zoom-ico icomoon-the7-font-the7-zoom-06\"><span><\/span><\/span><\/span><\/a><\/figure><\/div><div data-post-id=\"1287\" data-date=\"2020-08-14T12:35:37+02:00\" data-name=\"Assemblee Communautaire Bresilienne 13-1\"><figure class=\"post\"><a href=\"https:\/\/www.accion-habitat.org\/wp-content\/uploads\/2019\/05\/Assemblee-Communautaire-Bresilienne-13-1.jpg\" class=\"rollover dt-pswp-item layzr-bg\" data-large_image_width=\"400\" data-large_image_height=\"267\" data-dt-img-description=\"\" title=\"Assemblee Communautaire Bresilienne 13-1\"><img class=\"preload-me owl-lazy-load aspect\" src=\"data:image\/svg+xml,%3Csvg%20xmlns%3D&#39;http%3A%2F%2Fwww.w3.org%2F2000%2Fsvg&#39;%20viewBox%3D&#39;0%200%20399%20266&#39;%2F%3E\" data-src=\"https:\/\/www.accion-habitat.org\/wp-content\/uploads\/2019\/05\/Assemblee-Communautaire-Bresilienne-13-1.jpg\" data-srcset=\"https:\/\/www.accion-habitat.org\/wp-content\/uploads\/2019\/05\/Assemblee-Communautaire-Bresilienne-13-1.jpg 399w\" loading=\"eager\" style=\"--ratio: 399 \/ 266\" sizes=\"(max-width: 399px) 100vw, 399px\" alt=\"\" width=\"399\" height=\"266\"  \/><span class=\"gallery-rollover\"><span class=\"gallery-zoom-ico icomoon-the7-font-the7-zoom-06\"><span><\/span><\/span><\/span><\/a><\/figure><\/div><div data-post-id=\"1252\" data-date=\"2020-08-13T19:03:59+02:00\" data-name=\"Assemblee Communautaire Bresilienne 18-3\"><figure class=\"post\"><a href=\"https:\/\/www.accion-habitat.org\/wp-content\/uploads\/2019\/05\/Assemblee-Communautaire-Bresilienne-18-3.jpg\" class=\"rollover dt-pswp-item layzr-bg\" data-large_image_width=\"400\" data-large_image_height=\"290\" data-dt-img-description=\"\" title=\"Assemblee Communautaire Bresilienne 18-3\"><img class=\"preload-me owl-lazy-load aspect\" src=\"data:image\/svg+xml,%3Csvg%20xmlns%3D&#39;http%3A%2F%2Fwww.w3.org%2F2000%2Fsvg&#39;%20viewBox%3D&#39;0%200%20399%20266&#39;%2F%3E\" data-src=\"https:\/\/www.accion-habitat.org\/wp-content\/uploads\/2019\/05\/Assemblee-Communautaire-Bresilienne-18-3-399x266.jpg\" data-srcset=\"https:\/\/www.accion-habitat.org\/wp-content\/uploads\/2019\/05\/Assemblee-Communautaire-Bresilienne-18-3-399x266.jpg 399w, https:\/\/www.accion-habitat.org\/wp-content\/uploads\/2019\/05\/Assemblee-Communautaire-Bresilienne-18-3-400x266.jpg 400w\" loading=\"eager\" style=\"--ratio: 399 \/ 266\" sizes=\"(max-width: 399px) 100vw, 399px\" alt=\"\" width=\"399\" height=\"266\"  \/><span class=\"gallery-rollover\"><span class=\"gallery-zoom-ico icomoon-the7-font-the7-zoom-06\"><span><\/span><\/span><\/span><\/a><\/figure><\/div><div data-post-id=\"1267\" data-date=\"2020-08-13T19:04:28+02:00\" data-name=\"SAM_6095-2\"><figure class=\"post\"><a href=\"https:\/\/www.accion-habitat.org\/wp-content\/uploads\/2019\/05\/SAM_6095-2.jpg\" class=\"rollover dt-pswp-item layzr-bg\" data-large_image_width=\"400\" data-large_image_height=\"266\" data-dt-img-description=\"\" title=\"SAM_6095-2\"><img class=\"preload-me owl-lazy-load aspect\" src=\"data:image\/svg+xml,%3Csvg%20xmlns%3D&#39;http%3A%2F%2Fwww.w3.org%2F2000%2Fsvg&#39;%20viewBox%3D&#39;0%200%20399%20266&#39;%2F%3E\" data-src=\"https:\/\/www.accion-habitat.org\/wp-content\/uploads\/2019\/05\/SAM_6095-2.jpg\" data-srcset=\"https:\/\/www.accion-habitat.org\/wp-content\/uploads\/2019\/05\/SAM_6095-2.jpg 399w\" loading=\"eager\" style=\"--ratio: 399 \/ 266\" sizes=\"(max-width: 399px) 100vw, 399px\" alt=\"\" width=\"399\" height=\"266\"  \/><span class=\"gallery-rollover\"><span class=\"gallery-zoom-ico icomoon-the7-font-the7-zoom-06\"><span><\/span><\/span><\/span><\/a><\/figure><\/div><\/div>[vc_empty_space][vc_column_text]<span lang=\"fr-FR\">Apr\u00e8s cette premi\u00e8re r\u00e9ussite, l\u2019Ojucah poursuit son combat au service de la communaut\u00e9. A son actif, par exemple, la construction d\u2019une route, d\u2019une \u00e9cole et d\u2019un dispensaire, le d\u00e9veloppement d\u2019activit\u00e9s \u00e9conomiques (agriculture et \u00e9levage) et, surtout, la reforestation, sp\u00e9cialit\u00e9 de l&#8217;association. Dans un pays o\u00f9 le d\u00e9boisement a atteint un niveau tr\u00e8s grave pour l\u2019agriculture, l\u2019environnement et les risques li\u00e9s aux inondations et aux cyclones, l\u2019Ojucah revendique pas moins d\u2019un million d\u2019arbres plant\u00e9s\u00a0!<\/span>[\/vc_column_text]<div class=\"dt-fancy-separator title-left h3-size accent-title-color\" style=\"width: 100%;\"><div class=\"dt-fancy-title\"><span class=\"separator-holder separator-left\"><\/span>Des actions de plus en plus ambitieuses<span class=\"separator-holder separator-right\"><\/span><\/div><\/div>[vc_column_text]<\/p>\n<p lang=\"fr-FR\" align=\"JUSTIFY\">Selon Prosper, le projet Action pour l&#8217;Habitat (APH) apporte un nouveau souffle aux actions de l\u2019Ojucah et \u00e0 la communaut\u00e9. Particuli\u00e8rement la formation de <i>b\u00f2s<\/i>, artisans et artisanes sp\u00e9cialis\u00e9s dans la construction, ou encore d\u2019expertes en permaculture. \u00ab\u00a0Avec le projet qu\u00b4on r\u00e9alise ensemble ces derni\u00e8res ann\u00e9es, le plus important est qu\u00b4on a form\u00e9 plusieurs personnes. Cela permet \u00e0 la communaut\u00e9 de progresser un peu plus du point de vue \u00e9conomique. En les aidant \u00e0 trouver un m\u00e9tier, non pas un m\u00e9tier pr\u00e9caire mais un m\u00e9tier pour la vie, les jeunes femmes et les jeunes hommes apprennent quelque chose d\u00b4utile \u00e0 toute la communaut\u00e9 et peuvent faire leur vie ici. \u00c7a c\u00b4est un pas important.\u00a0\u00bb<\/p>\n<p lang=\"fr-FR\" align=\"JUSTIFY\">\u00ab\u00a0Nous avons aussi de grands espoirs avec les projets de construction que nous menons ensemble\u00a0\u00bb, rench\u00e9rit Prosper. \u00ab\u00a0Jusque-l\u00e0 nous avions construit 10 maisons, puis 6 prototypes. Au niveau de la communaut\u00e9, c\u00b4est comme une goutte d\u00b4eau vers\u00e9e mais qui ne donne ni le go\u00fbt ni la couleur dans un r\u00e9cipient&#8230; Le nouvel objectif, c&#8217;est la construction et la r\u00e9habilitation de maisons pour plus de 100 familles\u00a0! C\u00b4est quelque chose de tr\u00e8s ambitieux. Pour nous, cette ann\u00e9e parait comme une goutte d\u00b4eau plus fra\u00eeche.\u00a0\u00bb<\/p>\n<p>[\/vc_column_text]<div class=\"dt-fancy-separator title-left h3-size accent-title-color\" style=\"width: 100%;\"><div class=\"dt-fancy-title\"><span class=\"separator-holder separator-left\"><\/span>Une organisation plus solide et autonome<span class=\"separator-holder separator-right\"><\/span><\/div><\/div>[vc_column_text]<\/p>\n<p lang=\"fr-FR\" align=\"JUSTIFY\">\u00ab\u00a0Avec le projet Action pour l&#8217;Habitat, d\u2019une part nous faisons des choses positives pour la communaut\u00e9 et d\u2019autre part, comme organisation, nous nous formons et nous apprenons \u00e0 faire mieux que les ann\u00e9es pr\u00e9c\u00e9dentes.\u00a0\u00bb<\/p>\n<p lang=\"fr-FR\" align=\"JUSTIFY\">L\u2019Ojucah continue de progresser gr\u00e2ce \u00e0 l\u2019exp\u00e9rience acquise avec chaque nouvelle action, chaque chantier, chaque phase du projet. C&#8217;est aussi gr\u00e2ce \u00e0 la richesse des partenariats multi-pays, une des cl\u00e9s du projet APH. \u00ab On se dit qu\u00b4on fait l\u2019exp\u00e9rience d\u2019une p\u00e9riode vraiment int\u00e9ressante \u00bb s\u2019enthousiasme Prosper. \u00ab Les techniciens de l\u2019Ojucah ont beaucoup appris gr\u00e2ce aux formations, sur les techniques de construction en mat\u00e9riaux naturels, le suivi de chantier, le diagnostic social, etc. C\u2019est aussi le partage d\u2019exp\u00e9riences qui nous fait \u00e9voluer. Par exemple, Habitat-Cit\u00e9 nous a conseill\u00e9s sur la gestion des mat\u00e9riaux, nous a incit\u00e9s \u00e0 acheter le plus localement possible. On a trouv\u00e9 de nouvelles fili\u00e8res et nos projets y gagnent beaucoup. Travailler avec un partenaire nous permet de grandir et de devenir une organisation plus solide et autonome \u00bb.<\/p>\n<p lang=\"fr-FR\" align=\"JUSTIFY\">\u00ab Nous autres, dans l\u00b4Ojucah, notre promotion, notre g\u00e9n\u00e9ration, nous avons tous conscience d\u00b4avancer, de faire quelque chose de bien pour la communaut\u00e9. Nos parents, nos familles, tous nos proches vivent ici. C\u2019est pour soulager leurs conditions de vie que nous nous sommes investis au d\u00e9part. Alors nous sommes vraiment contents de faire ce que l\u00b4on fait. Et \u00e7a doit continuer. \u00bb<\/p>\n<p>[\/vc_column_text]<div class=\"dt-fancy-separator title-left h3-size accent-title-color\" style=\"width: 100%;\"><div class=\"dt-fancy-title\"><span class=\"separator-holder separator-left\"><\/span>\u00ab Transmettre, c\u2019est important. \u00bb<span class=\"separator-holder separator-right\"><\/span><\/div><\/div>[\/vc_column][\/vc_row][vc_row][vc_column][vc_column_text]<\/p>\n<p lang=\"fr-FR\" align=\"JUSTIFY\">Inscrire les actions de d\u00e9veloppement de l&#8217;Ojucah dans la dur\u00e9e et assurer la p\u00e9rennit\u00e9 des connaissances et savoirs acquis par l&#8217;organisation sont des pr\u00e9occupations constantes pour ses membres fondateurs. \u00ab\u00a0Dans l\u2019Ojucah, il y a aussi des jeunes qui participent au d\u00e9veloppement. Il faut les encourager sinon, apr\u00e8s la disparition de notre g\u00e9n\u00e9ration, tout va tomber \u00e0 l\u00b4eau. Transmettre aux autres, c\u2019est important. Il faut que des jeunes soient l\u00e0 pour prendre la rel\u00e8ve et continuer avec la population\u00a0\u00bb, affirme Prosper.<\/p>\n<p lang=\"es-ES\" align=\"JUSTIFY\"><span lang=\"fr-FR\">\u00ab\u00a0Dans le projet, je suis comme un messager, un messager actif. Je suis toujours b\u00e9n\u00e9vole et, m\u00eame si j&#8217;ai des indemnit\u00e9s en tant que tr\u00e9sorier depuis 2019, je vis uniquement de mon salaire au FHAF (Fond Ha\u00eftien d\u00b4Aide \u00e0 la Femme). Mais sur le plan personnel, c\u2019est tr\u00e8s positif pour moi\u00a0; je me sens fier de participer, de contribuer \u00e0 ce que les choses s\u2019am\u00e9liorent pour la communaut\u00e9. D\u2019aider les autres.\u00a0\u00bb<\/span><\/p>\n<p lang=\"fr-FR\" align=\"JUSTIFY\">\u00ab\u00a0Aujourd\u2019hui notre travail est vraiment reconnu et ce que nous savons, ce que nous avons appris, nous le partageons avec d\u2019autres organisations et avec les habitants d\u2019autres communaut\u00e9s. Par exemple, on a organis\u00e9 l\u00b4ann\u00e9e pass\u00e9e deux conf\u00e9rences d\u00e9bats qui r\u00e9unissaient des gens de Bainet, de la Vall\u00e9e et m\u00eame de Jacmel. Etre partenaire d&#8217;organisations internationales nous donne une cr\u00e9dibilit\u00e9 suppl\u00e9mentaire, mais ce sont nos r\u00e9sultats concrets qui parlent plus que tout\u00a0! Notre r\u00e9gion est plus belle qu\u2019avant. Et bien moins pauvre&#8230;\u00a0\u00bb<\/p>\n<p lang=\"es-ES\" align=\"JUSTIFY\"><span lang=\"fr-FR\">\u00ab\u00a0J\u2019ai une image en t\u00eate\u00a0: Mme Orianie. Gr\u00e2ce au projet <\/span><span lang=\"fr-FR\">APH, on a pu reconstruire sa vieille maison qui s\u2019\u00e9croulait. Maintenant sa maison est tr\u00e8s jolie, toute propre, avec l\u2019\u00e9lectricit\u00e9, et elle peut s\u2019amuser avec ses enfants le soir. Et Mme Orianie, si tu la vois aujourd&#8217;hui, elle para\u00eet beaucoup plus jeune qu\u2019avant\u00a0! Pour nous, \u00e7a c\u2019est la vie\u00a0!\u00a0\u00bb<\/span><\/p>\n<p>[\/vc_column_text][\/vc_column][\/vc_row]<\/p>\n<\/div>","protected":false},"excerpt":{"rendered":"<p>Forte de 1200 membres, l\u2019Ojucah est le partenaire ha\u00eftien du projet Action pour l\u2019Habitat. Prosper en est le tr\u00e9sorier depuis bient\u00f4t 10 ans<\/p>\n","protected":false},"author":1,"featured_media":1295,"comment_status":"closed","ping_status":"closed","sticky":false,"template":"","format":"standard","meta":[],"categories":[9],"tags":[],"yoast_head":"<!-- This site is optimized with the Yoast SEO plugin v17.5 - https:\/\/yoast.com\/wordpress\/plugins\/seo\/ -->\n<title>Prosper Jean-Pierre - Action pour l&#039;habitat | Acci\u00f3n por el h\u00e1bitat<\/title>\n<meta name=\"robots\" content=\"index, follow, max-snippet:-1, max-image-preview:large, max-video-preview:-1\" \/>\n<link rel=\"canonical\" href=\"https:\/\/www.accion-habitat.org\/es\/temoignage-prosper\/\" \/>\n<meta property=\"og:locale\" content=\"es_ES\" \/>\n<meta property=\"og:type\" content=\"article\" \/>\n<meta property=\"og:title\" content=\"Prosper Jean-Pierre - Action pour l&#039;habitat | Acci\u00f3n por el h\u00e1bitat\" \/>\n<meta property=\"og:description\" content=\"Forte de 1200 membres, l\u2019Ojucah est le partenaire ha\u00eftien du projet Action pour l\u2019Habitat. Prosper en est le tr\u00e9sorier depuis bient\u00f4t 10 ans\" \/>\n<meta property=\"og:url\" content=\"https:\/\/www.accion-habitat.org\/es\/temoignage-prosper\/\" \/>\n<meta property=\"og:site_name\" content=\"Action pour l&#039;habitat | Acci\u00f3n por el h\u00e1bitat\" \/>\n<meta property=\"article:published_time\" content=\"2019-05-14T21:37:30+00:00\" \/>\n<meta property=\"article:modified_time\" content=\"2021-11-05T14:07:07+00:00\" \/>\n<meta property=\"og:image\" content=\"https:\/\/www.accion-habitat.org\/wp-content\/uploads\/2019\/05\/Prosper_Ojucah_2-1.jpg\" \/>\n\t<meta property=\"og:image:width\" content=\"400\" \/>\n\t<meta property=\"og:image:height\" content=\"267\" \/>\n<meta name=\"twitter:card\" content=\"summary_large_image\" \/>\n<meta name=\"twitter:label1\" content=\"Escrito por\" \/>\n\t<meta name=\"twitter:data1\" content=\"renaud\" \/>\n\t<meta name=\"twitter:label2\" content=\"Tiempo de lectura\" \/>\n\t<meta name=\"twitter:data2\" content=\"8 minutos\" \/>\n<script type=\"application\/ld+json\" class=\"yoast-schema-graph\">{\"@context\":\"https:\/\/schema.org\",\"@graph\":[{\"@type\":\"WebSite\",\"@id\":\"https:\/\/www.accion-habitat.org\/es\/#website\",\"url\":\"https:\/\/www.accion-habitat.org\/es\/\",\"name\":\"Action pour l&#039;habitat | Acci\\u00f3n por el h\\u00e1bitat\",\"description\":\"intercambiar para cambiar | \\u00e9changer pour changer\",\"potentialAction\":[{\"@type\":\"SearchAction\",\"target\":{\"@type\":\"EntryPoint\",\"urlTemplate\":\"https:\/\/www.accion-habitat.org\/es\/?s={search_term_string}\"},\"query-input\":\"required name=search_term_string\"}],\"inLanguage\":\"es\"},{\"@type\":\"ImageObject\",\"@id\":\"https:\/\/www.accion-habitat.org\/es\/temoignage-prosper\/#primaryimage\",\"inLanguage\":\"es\",\"url\":\"https:\/\/www.accion-habitat.org\/wp-content\/uploads\/2019\/05\/Prosper_Ojucah_2-1.jpg\",\"contentUrl\":\"https:\/\/www.accion-habitat.org\/wp-content\/uploads\/2019\/05\/Prosper_Ojucah_2-1.jpg\",\"width\":400,\"height\":267},{\"@type\":\"WebPage\",\"@id\":\"https:\/\/www.accion-habitat.org\/es\/temoignage-prosper\/#webpage\",\"url\":\"https:\/\/www.accion-habitat.org\/es\/temoignage-prosper\/\",\"name\":\"Prosper Jean-Pierre - Action pour l&#039;habitat | Acci\\u00f3n por el h\\u00e1bitat\",\"isPartOf\":{\"@id\":\"https:\/\/www.accion-habitat.org\/es\/#website\"},\"primaryImageOfPage\":{\"@id\":\"https:\/\/www.accion-habitat.org\/es\/temoignage-prosper\/#primaryimage\"},\"datePublished\":\"2019-05-14T21:37:30+00:00\",\"dateModified\":\"2021-11-05T14:07:07+00:00\",\"author\":{\"@id\":\"https:\/\/www.accion-habitat.org\/es\/#\/schema\/person\/d56052d97f67131ad32855a05b6ca2e6\"},\"breadcrumb\":{\"@id\":\"https:\/\/www.accion-habitat.org\/es\/temoignage-prosper\/#breadcrumb\"},\"inLanguage\":\"es\",\"potentialAction\":[{\"@type\":\"ReadAction\",\"target\":[\"https:\/\/www.accion-habitat.org\/es\/temoignage-prosper\/\"]}]},{\"@type\":\"BreadcrumbList\",\"@id\":\"https:\/\/www.accion-habitat.org\/es\/temoignage-prosper\/#breadcrumb\",\"itemListElement\":[{\"@type\":\"ListItem\",\"position\":1,\"name\":\"Accueil\",\"item\":\"https:\/\/www.accion-habitat.org\/es\/\"},{\"@type\":\"ListItem\",\"position\":2,\"name\":\"Prosper Jean-Pierre\"}]},{\"@type\":\"Person\",\"@id\":\"https:\/\/www.accion-habitat.org\/es\/#\/schema\/person\/d56052d97f67131ad32855a05b6ca2e6\",\"name\":\"renaud\",\"image\":{\"@type\":\"ImageObject\",\"@id\":\"https:\/\/www.accion-habitat.org\/es\/#personlogo\",\"inLanguage\":\"es\",\"url\":\"https:\/\/secure.gravatar.com\/avatar\/dafc5227e60c02b6896a90fe2d0adc90?s=96&d=mm&r=g\",\"contentUrl\":\"https:\/\/secure.gravatar.com\/avatar\/dafc5227e60c02b6896a90fe2d0adc90?s=96&d=mm&r=g\",\"caption\":\"renaud\"},\"url\":\"https:\/\/www.accion-habitat.org\/es\/author\/renaud\/\"}]}<\/script>\n<!-- \/ Yoast SEO plugin. -->","yoast_head_json":{"title":"Prosper Jean-Pierre - Action pour l&#039;habitat | Acci\u00f3n por el h\u00e1bitat","robots":{"index":"index","follow":"follow","max-snippet":"max-snippet:-1","max-image-preview":"max-image-preview:large","max-video-preview":"max-video-preview:-1"},"canonical":"https:\/\/www.accion-habitat.org\/es\/temoignage-prosper\/","og_locale":"es_ES","og_type":"article","og_title":"Prosper Jean-Pierre - Action pour l&#039;habitat | Acci\u00f3n por el h\u00e1bitat","og_description":"Forte de 1200 membres, l\u2019Ojucah est le partenaire ha\u00eftien du projet Action pour l\u2019Habitat. Prosper en est le tr\u00e9sorier depuis bient\u00f4t 10 ans","og_url":"https:\/\/www.accion-habitat.org\/es\/temoignage-prosper\/","og_site_name":"Action pour l&#039;habitat | Acci\u00f3n por el h\u00e1bitat","article_published_time":"2019-05-14T21:37:30+00:00","article_modified_time":"2021-11-05T14:07:07+00:00","og_image":[{"width":400,"height":267,"url":"https:\/\/www.accion-habitat.org\/wp-content\/uploads\/2019\/05\/Prosper_Ojucah_2-1.jpg","type":"image\/jpeg"}],"twitter_card":"summary_large_image","twitter_misc":{"Escrito por":"renaud","Tiempo de lectura":"8 minutos"},"schema":{"@context":"https:\/\/schema.org","@graph":[{"@type":"WebSite","@id":"https:\/\/www.accion-habitat.org\/es\/#website","url":"https:\/\/www.accion-habitat.org\/es\/","name":"Action pour l&#039;habitat | Acci\u00f3n por el h\u00e1bitat","description":"intercambiar para cambiar | \u00e9changer pour changer","potentialAction":[{"@type":"SearchAction","target":{"@type":"EntryPoint","urlTemplate":"https:\/\/www.accion-habitat.org\/es\/?s={search_term_string}"},"query-input":"required name=search_term_string"}],"inLanguage":"es"},{"@type":"ImageObject","@id":"https:\/\/www.accion-habitat.org\/es\/temoignage-prosper\/#primaryimage","inLanguage":"es","url":"https:\/\/www.accion-habitat.org\/wp-content\/uploads\/2019\/05\/Prosper_Ojucah_2-1.jpg","contentUrl":"https:\/\/www.accion-habitat.org\/wp-content\/uploads\/2019\/05\/Prosper_Ojucah_2-1.jpg","width":400,"height":267},{"@type":"WebPage","@id":"https:\/\/www.accion-habitat.org\/es\/temoignage-prosper\/#webpage","url":"https:\/\/www.accion-habitat.org\/es\/temoignage-prosper\/","name":"Prosper Jean-Pierre - Action pour l&#039;habitat | Acci\u00f3n por el h\u00e1bitat","isPartOf":{"@id":"https:\/\/www.accion-habitat.org\/es\/#website"},"primaryImageOfPage":{"@id":"https:\/\/www.accion-habitat.org\/es\/temoignage-prosper\/#primaryimage"},"datePublished":"2019-05-14T21:37:30+00:00","dateModified":"2021-11-05T14:07:07+00:00","author":{"@id":"https:\/\/www.accion-habitat.org\/es\/#\/schema\/person\/d56052d97f67131ad32855a05b6ca2e6"},"breadcrumb":{"@id":"https:\/\/www.accion-habitat.org\/es\/temoignage-prosper\/#breadcrumb"},"inLanguage":"es","potentialAction":[{"@type":"ReadAction","target":["https:\/\/www.accion-habitat.org\/es\/temoignage-prosper\/"]}]},{"@type":"BreadcrumbList","@id":"https:\/\/www.accion-habitat.org\/es\/temoignage-prosper\/#breadcrumb","itemListElement":[{"@type":"ListItem","position":1,"name":"Accueil","item":"https:\/\/www.accion-habitat.org\/es\/"},{"@type":"ListItem","position":2,"name":"Prosper Jean-Pierre"}]},{"@type":"Person","@id":"https:\/\/www.accion-habitat.org\/es\/#\/schema\/person\/d56052d97f67131ad32855a05b6ca2e6","name":"renaud","image":{"@type":"ImageObject","@id":"https:\/\/www.accion-habitat.org\/es\/#personlogo","inLanguage":"es","url":"https:\/\/secure.gravatar.com\/avatar\/dafc5227e60c02b6896a90fe2d0adc90?s=96&d=mm&r=g","contentUrl":"https:\/\/secure.gravatar.com\/avatar\/dafc5227e60c02b6896a90fe2d0adc90?s=96&d=mm&r=g","caption":"renaud"},"url":"https:\/\/www.accion-habitat.org\/es\/author\/renaud\/"}]}},"_links":{"self":[{"href":"https:\/\/www.accion-habitat.org\/es\/wp-json\/wp\/v2\/posts\/237"}],"collection":[{"href":"https:\/\/www.accion-habitat.org\/es\/wp-json\/wp\/v2\/posts"}],"about":[{"href":"https:\/\/www.accion-habitat.org\/es\/wp-json\/wp\/v2\/types\/post"}],"author":[{"embeddable":true,"href":"https:\/\/www.accion-habitat.org\/es\/wp-json\/wp\/v2\/users\/1"}],"replies":[{"embeddable":true,"href":"https:\/\/www.accion-habitat.org\/es\/wp-json\/wp\/v2\/comments?post=237"}],"version-history":[{"count":11,"href":"https:\/\/www.accion-habitat.org\/es\/wp-json\/wp\/v2\/posts\/237\/revisions"}],"predecessor-version":[{"id":1853,"href":"https:\/\/www.accion-habitat.org\/es\/wp-json\/wp\/v2\/posts\/237\/revisions\/1853"}],"wp:featuredmedia":[{"embeddable":true,"href":"https:\/\/www.accion-habitat.org\/es\/wp-json\/wp\/v2\/media\/1295"}],"wp:attachment":[{"href":"https:\/\/www.accion-habitat.org\/es\/wp-json\/wp\/v2\/media?parent=237"}],"wp:term":[{"taxonomy":"category","embeddable":true,"href":"https:\/\/www.accion-habitat.org\/es\/wp-json\/wp\/v2\/categories?post=237"},{"taxonomy":"post_tag","embeddable":true,"href":"https:\/\/www.accion-habitat.org\/es\/wp-json\/wp\/v2\/tags?post=237"}],"curies":[{"name":"wp","href":"https:\/\/api.w.org\/{rel}","templated":true}]}}