{"id":1846,"date":"2021-11-03T14:26:19","date_gmt":"2021-11-03T13:26:19","guid":{"rendered":"http:\/\/www.accion-habitat.org\/echanges-solidaires-a-cuna-de-la-paz-salvador\/"},"modified":"2021-11-03T14:33:22","modified_gmt":"2021-11-03T13:33:22","slug":"echanges-solidaires-a-cuna-de-la-paz-salvador","status":"publish","type":"post","link":"https:\/\/www.accion-habitat.org\/es\/echanges-solidaires-a-cuna-de-la-paz-salvador\/","title":{"rendered":"Intercambios solidarios en Cuna de la Paz, Salvador"},"content":{"rendered":"<div class=\"wpb-content-wrapper\"><p>[vc_row][vc_column]<div class=\"dt-fancy-separator h3-size title-color accent-border-color\" style=\"width: 100%;\"><div class=\"dt-fancy-title bg-on\"><span class=\"separator-holder separator-left\"><\/span>Intercambios solidarios en Cuna de la Paz, Salvador<span class=\"separator-holder separator-right\"><\/span><\/div><\/div>[vc_empty_space][vc_column_text]<\/p>\n<p style=\"text-align: center;\"><strong><span class=\"s6\">Septiembre 2021<\/span><\/strong><\/p>\n<p>[\/vc_column_text][\/vc_column][\/vc_row][vc_row][vc_column]<style type=\"text\/css\" data-type=\"the7_shortcodes-inline-css\">.gallery-carousel-shortcode.gallery-carousel-shortcode-id-e8419d033cf4bfe557cd20669ec91bf3.owl-carousel .owl-nav div {\n  width: 36px;\n  height: 36px;\n  border-radius: 500px;\n}\n.dt-arrow-border-on.gallery-carousel-shortcode.gallery-carousel-shortcode-id-e8419d033cf4bfe557cd20669ec91bf3.owl-carousel .owl-nav div:not(:hover):before {\n  border-width: 0px;\n}\n.dt-arrow-hover-border-on.gallery-carousel-shortcode.gallery-carousel-shortcode-id-e8419d033cf4bfe557cd20669ec91bf3.owl-carousel .owl-nav div:hover:after {\n  border-width: 0px;\n}\n.gallery-carousel-shortcode.gallery-carousel-shortcode-id-e8419d033cf4bfe557cd20669ec91bf3.owl-carousel .owl-nav div.owl-prev {\n  top: 50%;\n  transform: translateY(calc(-50% + 0px));\n  left: -43px;\n}\n@media all and (-ms-high-contrast: none) {\n  .gallery-carousel-shortcode.gallery-carousel-shortcode-id-e8419d033cf4bfe557cd20669ec91bf3.owl-carousel .owl-nav div.owl-prev {\n    transform: translateY(-50%);\n    margin-top: 0px;\n  }\n}\n.gallery-carousel-shortcode.gallery-carousel-shortcode-id-e8419d033cf4bfe557cd20669ec91bf3.owl-carousel .owl-nav div.owl-prev i {\n  padding: 0px 0px 0px 0px;\n}\n.gallery-carousel-shortcode.gallery-carousel-shortcode-id-e8419d033cf4bfe557cd20669ec91bf3.owl-carousel .owl-nav div.owl-next {\n  top: 50%;\n  transform: translateY(calc(-50% + 0px));\n  right: -43px;\n}\n@media all and (-ms-high-contrast: none) {\n  .gallery-carousel-shortcode.gallery-carousel-shortcode-id-e8419d033cf4bfe557cd20669ec91bf3.owl-carousel .owl-nav div.owl-next {\n    transform: translateY(-50%);\n    margin-top: 0px;\n  }\n}\n.gallery-carousel-shortcode.gallery-carousel-shortcode-id-e8419d033cf4bfe557cd20669ec91bf3.owl-carousel .owl-nav div.owl-next i {\n  padding: 0px 0px 0px 0px;\n}\n.gallery-carousel-shortcode.gallery-carousel-shortcode-id-e8419d033cf4bfe557cd20669ec91bf3.owl-carousel .owl-nav i {\n  font-size: 18px;\n}\n.gallery-carousel-shortcode.gallery-carousel-shortcode-id-e8419d033cf4bfe557cd20669ec91bf3.owl-carousel .owl-nav div:not(:hover) i,\n.gallery-carousel-shortcode.gallery-carousel-shortcode-id-e8419d033cf4bfe557cd20669ec91bf3.owl-carousel .owl-nav div:not(:hover) i:before {\n  color: #ffffff;\n  background: none;\n}\n.gallery-carousel-shortcode.gallery-carousel-shortcode-id-e8419d033cf4bfe557cd20669ec91bf3.owl-carousel .owl-nav div:hover i,\n.gallery-carousel-shortcode.gallery-carousel-shortcode-id-e8419d033cf4bfe557cd20669ec91bf3.owl-carousel .owl-nav div:hover i:before {\n  color: rgba(255,255,255,0.75);\n  background: none;\n}\n.gallery-carousel-shortcode.gallery-carousel-shortcode-id-e8419d033cf4bfe557cd20669ec91bf3 .owl-dots {\n  top: calc(100% + 20px);\n  left: 50%;\n  transform: translateX(calc(-50% + 0px));\n}\n@media all and (-ms-high-contrast: none) {\n  .gallery-carousel-shortcode.gallery-carousel-shortcode-id-e8419d033cf4bfe557cd20669ec91bf3 .owl-dots {\n    transform: translateX(-50%);\n    margin-left: 0px;\n  }\n}\n.gallery-carousel-shortcode.gallery-carousel-shortcode-id-e8419d033cf4bfe557cd20669ec91bf3 .owl-dot {\n  width: 10px;\n  height: 10px;\n  margin: 0 8px;\n}\n@media screen and (max-width: 778px) {\n  .gallery-carousel-shortcode.gallery-carousel-shortcode-id-e8419d033cf4bfe557cd20669ec91bf3.hide-arrows .owl-nav a {\n    display: none;\n  }\n}\n@media screen and (max-width: 778px) {\n  .gallery-carousel-shortcode.gallery-carousel-shortcode-id-e8419d033cf4bfe557cd20669ec91bf3.reposition-arrows .owl-nav .owl-prev {\n    top: 50%;\n    transform: translateY(calc(-50% + 0px));\n    left: 10px;\n  }\n  .gallery-carousel-shortcode.gallery-carousel-shortcode-id-e8419d033cf4bfe557cd20669ec91bf3.reposition-arrows .owl-nav .owl-next {\n    top: 50%;\n    transform: translateY(calc(-50% + 0px));\n    right: 10px;\n  }\n}\n@media screen and (max-width: 778px) and all and (-ms-high-contrast: none) {\n  .gallery-carousel-shortcode.gallery-carousel-shortcode-id-e8419d033cf4bfe557cd20669ec91bf3.reposition-arrows .owl-nav .owl-prev {\n    transform: translateY(-50%);\n    margin-top: 0px;\n  }\n}\n@media screen and (max-width: 778px) and all and (-ms-high-contrast: none) {\n  .gallery-carousel-shortcode.gallery-carousel-shortcode-id-e8419d033cf4bfe557cd20669ec91bf3.reposition-arrows .owl-nav .owl-next {\n    transform: translateY(-50%);\n    margin-top: 0px;\n  }\n}\n.gallery-carousel-shortcode.gallery-carousel-shortcode-id-e8419d033cf4bfe557cd20669ec91bf3 figure,\n.gallery-carousel-shortcode.gallery-carousel-shortcode-id-e8419d033cf4bfe557cd20669ec91bf3 .rollover,\n.gallery-carousel-shortcode.gallery-carousel-shortcode-id-e8419d033cf4bfe557cd20669ec91bf3 img,\n.gallery-carousel-shortcode.gallery-carousel-shortcode-id-e8419d033cf4bfe557cd20669ec91bf3 .gallery-rollover {\n  border-radius: 0px;\n}\n.gallery-carousel-shortcode.gallery-carousel-shortcode-id-e8419d033cf4bfe557cd20669ec91bf3.enable-bg-rollover .gallery-rollover {\n  background: -webkit-linear-gradient();\n  background: linear-gradient();\n}\n.gallery-carousel-shortcode.gallery-carousel-shortcode-id-e8419d033cf4bfe557cd20669ec91bf3.enable-img-shadow .owl-stage-outer {\n  padding: 14px 0;\n}\n.gallery-carousel-shortcode.gallery-carousel-shortcode-id-e8419d033cf4bfe557cd20669ec91bf3.enable-bg-rollover.hover-scale figure .rollover:after {\n  background: -webkit-linear-gradient();\n  background: linear-gradient();\n}\n.gallery-carousel-shortcode.gallery-carousel-shortcode-id-e8419d033cf4bfe557cd20669ec91bf3.gallery-shortcode .gallery-zoom-ico {\n  width: 44px;\n  height: 44px;\n  line-height: 44px;\n  border-radius: 100px;\n  margin: -22px 0 0 -22px;\n  border-width: 0px;\n}\n.dt-icon-bg-on.gallery-carousel-shortcode.gallery-carousel-shortcode-id-e8419d033cf4bfe557cd20669ec91bf3.gallery-shortcode .gallery-zoom-ico {\n  background: rgba(255,255,255,0.3);\n  box-shadow: none;\n}\n.gallery-carousel-shortcode.gallery-carousel-shortcode-id-e8419d033cf4bfe557cd20669ec91bf3.gallery-shortcode .gallery-zoom-ico:before,\n.gallery-carousel-shortcode.gallery-carousel-shortcode-id-e8419d033cf4bfe557cd20669ec91bf3.gallery-shortcode .gallery-zoom-ico span {\n  font-size: 32px;\n  line-height: 44px;\n  color: #ffffff;\n  background: none;\n}\n<\/style><div class=\"owl-carousel gallery-carousel-shortcode gallery-shortcode  dt-gallery-container dt-owl-carousel-call gallery-carousel-shortcode-id-e8419d033cf4bfe557cd20669ec91bf3 quick-scale-img enable-bg-rollover meta-info-off dt-arrow-border-on dt-arrow-hover-border-on bullets-small-dot-stroke reposition-arrows dt-icon-bg-off arrows-bg-on disable-arrows-hover-bg arrows-hover-bg-on  hover-fade \" data-scroll-mode=\"1\" data-col-num=\"3\" data-wide-col-num=\"3\" data-laptop-col=\"3\" data-h-tablet-columns-num=\"3\" data-v-tablet-columns-num=\"3\" data-phone-columns-num=\"1\" data-col-gap=\"10\" data-stage-padding=\"0\" data-speed=\"600\" data-autoplay=\"false\" data-autoplay_speed=\"6000\" data-arrows=\"true\" data-bullet=\"false\" data-next-icon=\"icon-ar-017-r\" data-prev-icon=\"icon-ar-017-l\" data-img-shadow-size=\"12px\" data-img-shadow-spread=\"3px\"><div data-post-id=\"1775\" data-date=\"2021-11-02T12:59:31+01:00\" data-name=\"242264437_1051590938920640_559618960009798118_n\"><figure class=\"post\"><a href=\"https:\/\/www.accion-habitat.org\/wp-content\/uploads\/2021\/11\/242264437_1051590938920640_559618960009798118_n-e1635865108822.jpg\" class=\"rollover dt-pswp-item layzr-bg\" data-large_image_width=\"872\" data-large_image_height=\"580\" data-dt-img-description=\"\" title=\"242264437_1051590938920640_559618960009798118_n\"><img class=\"preload-me owl-lazy-load aspect\" src=\"data:image\/svg+xml,%3Csvg%20xmlns%3D&#39;http%3A%2F%2Fwww.w3.org%2F2000%2Fsvg&#39;%20viewBox%3D&#39;0%200%20773%20580&#39;%2F%3E\" data-src=\"https:\/\/www.accion-habitat.org\/wp-content\/uploads\/2021\/11\/242264437_1051590938920640_559618960009798118_n-e1635865108822-773x580.jpg\" data-srcset=\"https:\/\/www.accion-habitat.org\/wp-content\/uploads\/2021\/11\/242264437_1051590938920640_559618960009798118_n-e1635865108822-773x580.jpg 773w\" loading=\"eager\" style=\"--ratio: 773 \/ 580\" sizes=\"(max-width: 773px) 100vw, 773px\" alt=\"\" width=\"773\" height=\"580\"  \/><span class=\"gallery-rollover\"><span class=\"gallery-zoom-ico icomoon-the7-font-the7-zoom-06\"><span><\/span><\/span><\/span><\/a><\/figure><\/div><div data-post-id=\"1778\" data-date=\"2021-11-02T12:59:32+01:00\" data-name=\"242220478_1051590932253974_8098037555102038072_n\"><figure class=\"post\"><a href=\"https:\/\/www.accion-habitat.org\/wp-content\/uploads\/2021\/11\/242220478_1051590932253974_8098037555102038072_n.jpg\" class=\"rollover dt-pswp-item layzr-bg\" data-large_image_width=\"1032\" data-large_image_height=\"581\" data-dt-img-description=\"\" title=\"242220478_1051590932253974_8098037555102038072_n\"><img class=\"preload-me owl-lazy-load aspect\" src=\"data:image\/svg+xml,%3Csvg%20xmlns%3D&#39;http%3A%2F%2Fwww.w3.org%2F2000%2Fsvg&#39;%20viewBox%3D&#39;0%200%20774%20581&#39;%2F%3E\" data-src=\"https:\/\/www.accion-habitat.org\/wp-content\/uploads\/2021\/11\/242220478_1051590932253974_8098037555102038072_n-774x581.jpg\" data-srcset=\"https:\/\/www.accion-habitat.org\/wp-content\/uploads\/2021\/11\/242220478_1051590932253974_8098037555102038072_n-774x581.jpg 774w\" loading=\"eager\" style=\"--ratio: 774 \/ 581\" sizes=\"(max-width: 774px) 100vw, 774px\" alt=\"\" width=\"774\" height=\"581\"  \/><span class=\"gallery-rollover\"><span class=\"gallery-zoom-ico icomoon-the7-font-the7-zoom-06\"><span><\/span><\/span><\/span><\/a><\/figure><\/div><div data-post-id=\"1782\" data-date=\"2021-11-02T13:04:09+01:00\" data-name=\"242197474_1051590958920638_1496034433669802101_n\"><figure class=\"post\"><a href=\"https:\/\/www.accion-habitat.org\/wp-content\/uploads\/2021\/11\/242197474_1051590958920638_1496034433669802101_n.jpg\" class=\"rollover dt-pswp-item layzr-bg\" data-large_image_width=\"1600\" data-large_image_height=\"720\" data-dt-img-description=\"\" title=\"242197474_1051590958920638_1496034433669802101_n\"><img class=\"preload-me owl-lazy-load aspect\" src=\"data:image\/svg+xml,%3Csvg%20xmlns%3D&#39;http%3A%2F%2Fwww.w3.org%2F2000%2Fsvg&#39;%20viewBox%3D&#39;0%200%20960%20720&#39;%2F%3E\" data-src=\"https:\/\/www.accion-habitat.org\/wp-content\/uploads\/2021\/11\/242197474_1051590958920638_1496034433669802101_n-960x720.jpg\" data-srcset=\"https:\/\/www.accion-habitat.org\/wp-content\/uploads\/2021\/11\/242197474_1051590958920638_1496034433669802101_n-960x720.jpg 960w\" loading=\"eager\" style=\"--ratio: 960 \/ 720\" sizes=\"(max-width: 960px) 100vw, 960px\" alt=\"\" width=\"960\" height=\"720\"  \/><span class=\"gallery-rollover\"><span class=\"gallery-zoom-ico icomoon-the7-font-the7-zoom-06\"><span><\/span><\/span><\/span><\/a><\/figure><\/div><\/div>[vc_empty_space][\/vc_column][\/vc_row][vc_row][vc_column][vc_column_text]<\/p>\n<div class=\"kvgmc6g5 cxmmr5t8 oygrvhab hcukyx3x c1et5uql ii04i59q\">\n<div dir=\"auto\"><span class=\"pq6dq46d tbxw36s4 knj5qynh kvgmc6g5 ditlmg2l oygrvhab nvdbi5me sf5mxxl7 gl3lb2sf hhz5lgdu\"><img loading=\"lazy\" src=\"https:\/\/static.xx.fbcdn.net\/images\/emoji.php\/v9\/tbd\/1.5\/16\/1f91d.png\" alt=\"\ud83e\udd1d\" width=\"16\" height=\"16\" \/><\/span> Los grupos constructores de j\u00f3venes y mujeres del caser\u00edo Potrerillos y Yomo apoyan en una jornada solidaria a las cooperativas Acoviamet La Palma y Acovicupa La Palma en el proyecto Cuna de la Paz.<\/div>\n<\/div>\n<div class=\"o9v6fnle cxmmr5t8 oygrvhab hcukyx3x c1et5uql ii04i59q\">\n<div dir=\"auto\">Los grupos constructores son participantes del Acci\u00f3n por el H\u00e1bitat y realizan estos intercambios solidarios para ayudar el avance constructivo de viviendas en Cuna de la Paz.<\/div>\n<div dir=\"auto\">\n<div class=\"o9v6fnle cxmmr5t8 oygrvhab hcukyx3x c1et5uql ii04i59q\">\n<div dir=\"auto\"><a class=\"oajrlxb2 g5ia77u1 qu0x051f esr5mh6w e9989ue4 r7d6kgcz rq0escxv nhd2j8a9 nc684nl6 p7hjln8o kvgmc6g5 cxmmr5t8 oygrvhab hcukyx3x jb3vyjys rz4wbd8a qt6c0cv9 a8nywdso i1ao9s8h esuyzwwr f1sip0of lzcic4wl q66pz984 gpro0wi8 b1v8xokw\" tabindex=\"0\" role=\"link\" href=\"https:\/\/www.facebook.com\/hashtag\/ayudamutua?__eep__=6&amp;__cft__[0]=AZU6W7EH-ALIe5CPmiN6NMhyRA4uwMu8Relp-buGH0KKXs6lVVNIMHfHsPLBgfdj3LLda3qGxO3S9b4H81e2nAuJwf0jjFZ00rjnatSzOtkbxEkdDCW_jBZld6qMlyWvkn2RNuNmdJPfdGYOVvPJGfnU&amp;__tn__=*NK-R\">#AyudaMutua<\/a> <a class=\"oajrlxb2 g5ia77u1 qu0x051f esr5mh6w e9989ue4 r7d6kgcz rq0escxv nhd2j8a9 nc684nl6 p7hjln8o kvgmc6g5 cxmmr5t8 oygrvhab hcukyx3x jb3vyjys rz4wbd8a qt6c0cv9 a8nywdso i1ao9s8h esuyzwwr f1sip0of lzcic4wl q66pz984 gpro0wi8 b1v8xokw\" tabindex=\"0\" role=\"link\" href=\"https:\/\/www.facebook.com\/hashtag\/construcci%C3%B3ncontierra?__eep__=6&amp;__cft__[0]=AZU6W7EH-ALIe5CPmiN6NMhyRA4uwMu8Relp-buGH0KKXs6lVVNIMHfHsPLBgfdj3LLda3qGxO3S9b4H81e2nAuJwf0jjFZ00rjnatSzOtkbxEkdDCW_jBZld6qMlyWvkn2RNuNmdJPfdGYOVvPJGfnU&amp;__tn__=*NK-R\">#Construcci\u00f3nConTierra<\/a> <a class=\"oajrlxb2 g5ia77u1 qu0x051f esr5mh6w e9989ue4 r7d6kgcz rq0escxv nhd2j8a9 nc684nl6 p7hjln8o kvgmc6g5 cxmmr5t8 oygrvhab hcukyx3x jb3vyjys rz4wbd8a qt6c0cv9 a8nywdso i1ao9s8h esuyzwwr f1sip0of lzcic4wl q66pz984 gpro0wi8 b1v8xokw\" tabindex=\"0\" role=\"link\" href=\"https:\/\/www.facebook.com\/hashtag\/aph_elsalvador?__eep__=6&amp;__cft__[0]=AZU6W7EH-ALIe5CPmiN6NMhyRA4uwMu8Relp-buGH0KKXs6lVVNIMHfHsPLBgfdj3LLda3qGxO3S9b4H81e2nAuJwf0jjFZ00rjnatSzOtkbxEkdDCW_jBZld6qMlyWvkn2RNuNmdJPfdGYOVvPJGfnU&amp;__tn__=*NK-R\">#APH_ElSalvador<\/a><\/div>\n<\/div>\n<div class=\"o9v6fnle cxmmr5t8 oygrvhab hcukyx3x c1et5uql ii04i59q\">\n<div dir=\"auto\"><\/div>\n<div dir=\"auto\"><em>(Fotograf\u00edas: Yolanda Vaquerano y Abner Estrada)<\/em><\/div>\n<\/div>\n<\/div>\n<\/div>\n<p>[\/vc_column_text][\/vc_column][\/vc_row]<\/p>\n<\/div>","protected":false},"excerpt":{"rendered":"<p>J\u00f3venes y mujeres de Potrerillo y Yomo apoyan las cooperativas en Cuna de la Paz\u2026<\/p>\n","protected":false},"author":1,"featured_media":1829,"comment_status":"closed","ping_status":"closed","sticky":false,"template":"","format":"standard","meta":[],"categories":[6],"tags":[],"yoast_head":"<!-- This site is optimized with the Yoast SEO plugin v17.5 - https:\/\/yoast.com\/wordpress\/plugins\/seo\/ -->\n<title>Intercambios solidarios en Cuna de la Paz, Salvador - Action pour l&#039;habitat | Acci\u00f3n por el h\u00e1bitat<\/title>\n<meta name=\"robots\" content=\"index, follow, max-snippet:-1, max-image-preview:large, max-video-preview:-1\" \/>\n<link rel=\"canonical\" href=\"https:\/\/www.accion-habitat.org\/es\/echanges-solidaires-a-cuna-de-la-paz-salvador\/\" \/>\n<meta property=\"og:locale\" content=\"es_ES\" \/>\n<meta property=\"og:type\" content=\"article\" \/>\n<meta property=\"og:title\" content=\"Intercambios solidarios en Cuna de la Paz, Salvador - Action pour l&#039;habitat | Acci\u00f3n por el h\u00e1bitat\" \/>\n<meta property=\"og:description\" content=\"J\u00f3venes y mujeres de Potrerillo y Yomo apoyan las cooperativas en Cuna de la Paz\u2026\" \/>\n<meta property=\"og:url\" content=\"https:\/\/www.accion-habitat.org\/es\/echanges-solidaires-a-cuna-de-la-paz-salvador\/\" \/>\n<meta property=\"og:site_name\" content=\"Action pour l&#039;habitat | Acci\u00f3n por el h\u00e1bitat\" \/>\n<meta property=\"article:published_time\" content=\"2021-11-03T13:26:19+00:00\" \/>\n<meta property=\"article:modified_time\" content=\"2021-11-03T13:33:22+00:00\" \/>\n<meta property=\"og:image\" content=\"https:\/\/www.accion-habitat.org\/wp-content\/uploads\/2021\/11\/242264437_1051590938920640_559618960009798118_n-e1635865108822-1.jpg\" \/>\n\t<meta property=\"og:image:width\" content=\"872\" \/>\n\t<meta property=\"og:image:height\" content=\"580\" \/>\n<meta name=\"twitter:card\" content=\"summary_large_image\" \/>\n<meta name=\"twitter:label1\" content=\"Escrito por\" \/>\n\t<meta name=\"twitter:data1\" content=\"renaud\" \/>\n\t<meta name=\"twitter:label2\" content=\"Tiempo de lectura\" \/>\n\t<meta name=\"twitter:data2\" content=\"1 minuto\" \/>\n<script type=\"application\/ld+json\" class=\"yoast-schema-graph\">{\"@context\":\"https:\/\/schema.org\",\"@graph\":[{\"@type\":\"WebSite\",\"@id\":\"http:\/\/www.accion-habitat.org\/ht\/#website\",\"url\":\"http:\/\/www.accion-habitat.org\/ht\/\",\"name\":\"Action pour l&#039;habitat | Acci\\u00f3n por el h\\u00e1bitat\",\"description\":\"intercambiar para cambiar | \\u00e9changer pour changer\",\"potentialAction\":[{\"@type\":\"SearchAction\",\"target\":{\"@type\":\"EntryPoint\",\"urlTemplate\":\"http:\/\/www.accion-habitat.org\/ht\/?s={search_term_string}\"},\"query-input\":\"required name=search_term_string\"}],\"inLanguage\":\"es\"},{\"@type\":\"ImageObject\",\"@id\":\"https:\/\/www.accion-habitat.org\/es\/echanges-solidaires-a-cuna-de-la-paz-salvador\/#primaryimage\",\"inLanguage\":\"es\",\"url\":\"https:\/\/www.accion-habitat.org\/wp-content\/uploads\/2021\/11\/242264437_1051590938920640_559618960009798118_n-e1635865108822-1.jpg\",\"contentUrl\":\"https:\/\/www.accion-habitat.org\/wp-content\/uploads\/2021\/11\/242264437_1051590938920640_559618960009798118_n-e1635865108822-1.jpg\",\"width\":872,\"height\":580},{\"@type\":\"WebPage\",\"@id\":\"https:\/\/www.accion-habitat.org\/es\/echanges-solidaires-a-cuna-de-la-paz-salvador\/#webpage\",\"url\":\"https:\/\/www.accion-habitat.org\/es\/echanges-solidaires-a-cuna-de-la-paz-salvador\/\",\"name\":\"Intercambios solidarios en Cuna de la Paz, Salvador - Action pour l&#039;habitat | Acci\\u00f3n por el h\\u00e1bitat\",\"isPartOf\":{\"@id\":\"http:\/\/www.accion-habitat.org\/ht\/#website\"},\"primaryImageOfPage\":{\"@id\":\"https:\/\/www.accion-habitat.org\/es\/echanges-solidaires-a-cuna-de-la-paz-salvador\/#primaryimage\"},\"datePublished\":\"2021-11-03T13:26:19+00:00\",\"dateModified\":\"2021-11-03T13:33:22+00:00\",\"author\":{\"@id\":\"http:\/\/www.accion-habitat.org\/ht\/#\/schema\/person\/d56052d97f67131ad32855a05b6ca2e6\"},\"breadcrumb\":{\"@id\":\"https:\/\/www.accion-habitat.org\/es\/echanges-solidaires-a-cuna-de-la-paz-salvador\/#breadcrumb\"},\"inLanguage\":\"es\",\"potentialAction\":[{\"@type\":\"ReadAction\",\"target\":[\"https:\/\/www.accion-habitat.org\/es\/echanges-solidaires-a-cuna-de-la-paz-salvador\/\"]}]},{\"@type\":\"BreadcrumbList\",\"@id\":\"https:\/\/www.accion-habitat.org\/es\/echanges-solidaires-a-cuna-de-la-paz-salvador\/#breadcrumb\",\"itemListElement\":[{\"@type\":\"ListItem\",\"position\":1,\"name\":\"Accueil\",\"item\":\"http:\/\/www.accion-habitat.org\/es\/\"},{\"@type\":\"ListItem\",\"position\":2,\"name\":\"Intercambios solidarios en Cuna de la Paz, Salvador\"}]},{\"@type\":\"Person\",\"@id\":\"http:\/\/www.accion-habitat.org\/ht\/#\/schema\/person\/d56052d97f67131ad32855a05b6ca2e6\",\"name\":\"renaud\",\"image\":{\"@type\":\"ImageObject\",\"@id\":\"http:\/\/www.accion-habitat.org\/ht\/#personlogo\",\"inLanguage\":\"es\",\"url\":\"https:\/\/secure.gravatar.com\/avatar\/dafc5227e60c02b6896a90fe2d0adc90?s=96&d=mm&r=g\",\"contentUrl\":\"https:\/\/secure.gravatar.com\/avatar\/dafc5227e60c02b6896a90fe2d0adc90?s=96&d=mm&r=g\",\"caption\":\"renaud\"},\"url\":\"https:\/\/www.accion-habitat.org\/es\/author\/renaud\/\"}]}<\/script>\n<!-- \/ Yoast SEO plugin. -->","yoast_head_json":{"title":"Intercambios solidarios en Cuna de la Paz, Salvador - Action pour l&#039;habitat | Acci\u00f3n por el h\u00e1bitat","robots":{"index":"index","follow":"follow","max-snippet":"max-snippet:-1","max-image-preview":"max-image-preview:large","max-video-preview":"max-video-preview:-1"},"canonical":"https:\/\/www.accion-habitat.org\/es\/echanges-solidaires-a-cuna-de-la-paz-salvador\/","og_locale":"es_ES","og_type":"article","og_title":"Intercambios solidarios en Cuna de la Paz, Salvador - Action pour l&#039;habitat | Acci\u00f3n por el h\u00e1bitat","og_description":"J\u00f3venes y mujeres de Potrerillo y Yomo apoyan las cooperativas en Cuna de la Paz\u2026","og_url":"https:\/\/www.accion-habitat.org\/es\/echanges-solidaires-a-cuna-de-la-paz-salvador\/","og_site_name":"Action pour l&#039;habitat | Acci\u00f3n por el h\u00e1bitat","article_published_time":"2021-11-03T13:26:19+00:00","article_modified_time":"2021-11-03T13:33:22+00:00","og_image":[{"width":872,"height":580,"url":"https:\/\/www.accion-habitat.org\/wp-content\/uploads\/2021\/11\/242264437_1051590938920640_559618960009798118_n-e1635865108822-1.jpg","type":"image\/jpeg"}],"twitter_card":"summary_large_image","twitter_misc":{"Escrito por":"renaud","Tiempo de lectura":"1 minuto"},"schema":{"@context":"https:\/\/schema.org","@graph":[{"@type":"WebSite","@id":"http:\/\/www.accion-habitat.org\/ht\/#website","url":"http:\/\/www.accion-habitat.org\/ht\/","name":"Action pour l&#039;habitat | Acci\u00f3n por el h\u00e1bitat","description":"intercambiar para cambiar | \u00e9changer pour changer","potentialAction":[{"@type":"SearchAction","target":{"@type":"EntryPoint","urlTemplate":"http:\/\/www.accion-habitat.org\/ht\/?s={search_term_string}"},"query-input":"required name=search_term_string"}],"inLanguage":"es"},{"@type":"ImageObject","@id":"https:\/\/www.accion-habitat.org\/es\/echanges-solidaires-a-cuna-de-la-paz-salvador\/#primaryimage","inLanguage":"es","url":"https:\/\/www.accion-habitat.org\/wp-content\/uploads\/2021\/11\/242264437_1051590938920640_559618960009798118_n-e1635865108822-1.jpg","contentUrl":"https:\/\/www.accion-habitat.org\/wp-content\/uploads\/2021\/11\/242264437_1051590938920640_559618960009798118_n-e1635865108822-1.jpg","width":872,"height":580},{"@type":"WebPage","@id":"https:\/\/www.accion-habitat.org\/es\/echanges-solidaires-a-cuna-de-la-paz-salvador\/#webpage","url":"https:\/\/www.accion-habitat.org\/es\/echanges-solidaires-a-cuna-de-la-paz-salvador\/","name":"Intercambios solidarios en Cuna de la Paz, Salvador - Action pour l&#039;habitat | Acci\u00f3n por el h\u00e1bitat","isPartOf":{"@id":"http:\/\/www.accion-habitat.org\/ht\/#website"},"primaryImageOfPage":{"@id":"https:\/\/www.accion-habitat.org\/es\/echanges-solidaires-a-cuna-de-la-paz-salvador\/#primaryimage"},"datePublished":"2021-11-03T13:26:19+00:00","dateModified":"2021-11-03T13:33:22+00:00","author":{"@id":"http:\/\/www.accion-habitat.org\/ht\/#\/schema\/person\/d56052d97f67131ad32855a05b6ca2e6"},"breadcrumb":{"@id":"https:\/\/www.accion-habitat.org\/es\/echanges-solidaires-a-cuna-de-la-paz-salvador\/#breadcrumb"},"inLanguage":"es","potentialAction":[{"@type":"ReadAction","target":["https:\/\/www.accion-habitat.org\/es\/echanges-solidaires-a-cuna-de-la-paz-salvador\/"]}]},{"@type":"BreadcrumbList","@id":"https:\/\/www.accion-habitat.org\/es\/echanges-solidaires-a-cuna-de-la-paz-salvador\/#breadcrumb","itemListElement":[{"@type":"ListItem","position":1,"name":"Accueil","item":"http:\/\/www.accion-habitat.org\/es\/"},{"@type":"ListItem","position":2,"name":"Intercambios solidarios en Cuna de la Paz, Salvador"}]},{"@type":"Person","@id":"http:\/\/www.accion-habitat.org\/ht\/#\/schema\/person\/d56052d97f67131ad32855a05b6ca2e6","name":"renaud","image":{"@type":"ImageObject","@id":"http:\/\/www.accion-habitat.org\/ht\/#personlogo","inLanguage":"es","url":"https:\/\/secure.gravatar.com\/avatar\/dafc5227e60c02b6896a90fe2d0adc90?s=96&d=mm&r=g","contentUrl":"https:\/\/secure.gravatar.com\/avatar\/dafc5227e60c02b6896a90fe2d0adc90?s=96&d=mm&r=g","caption":"renaud"},"url":"https:\/\/www.accion-habitat.org\/es\/author\/renaud\/"}]}},"_links":{"self":[{"href":"https:\/\/www.accion-habitat.org\/es\/wp-json\/wp\/v2\/posts\/1846"}],"collection":[{"href":"https:\/\/www.accion-habitat.org\/es\/wp-json\/wp\/v2\/posts"}],"about":[{"href":"https:\/\/www.accion-habitat.org\/es\/wp-json\/wp\/v2\/types\/post"}],"author":[{"embeddable":true,"href":"https:\/\/www.accion-habitat.org\/es\/wp-json\/wp\/v2\/users\/1"}],"replies":[{"embeddable":true,"href":"https:\/\/www.accion-habitat.org\/es\/wp-json\/wp\/v2\/comments?post=1846"}],"version-history":[{"count":2,"href":"https:\/\/www.accion-habitat.org\/es\/wp-json\/wp\/v2\/posts\/1846\/revisions"}],"predecessor-version":[{"id":1849,"href":"https:\/\/www.accion-habitat.org\/es\/wp-json\/wp\/v2\/posts\/1846\/revisions\/1849"}],"wp:featuredmedia":[{"embeddable":true,"href":"https:\/\/www.accion-habitat.org\/es\/wp-json\/wp\/v2\/media\/1829"}],"wp:attachment":[{"href":"https:\/\/www.accion-habitat.org\/es\/wp-json\/wp\/v2\/media?parent=1846"}],"wp:term":[{"taxonomy":"category","embeddable":true,"href":"https:\/\/www.accion-habitat.org\/es\/wp-json\/wp\/v2\/categories?post=1846"},{"taxonomy":"post_tag","embeddable":true,"href":"https:\/\/www.accion-habitat.org\/es\/wp-json\/wp\/v2\/tags?post=1846"}],"curies":[{"name":"wp","href":"https:\/\/api.w.org\/{rel}","templated":true}]}}