{"id":139,"date":"2019-05-11T00:58:27","date_gmt":"2019-05-10T22:58:27","guid":{"rendered":"http:\/\/www.accion-habitat.org\/actualite2\/"},"modified":"2019-09-05T22:22:04","modified_gmt":"2019-09-05T20:22:04","slug":"congres-habitat","status":"publish","type":"post","link":"https:\/\/www.accion-habitat.org\/es\/congres-habitat\/","title":{"rendered":"Congreso \u00abH\u00e1bitat, Migraci\u00f3n y Justicia Restaurativa\u00bb"},"content":{"rendered":"<div class=\"wpb-content-wrapper\"><p>[vc_row][vc_column]<div class=\"dt-fancy-separator h3-size title-color accent-border-color\" style=\"width: 100%;\"><div class=\"dt-fancy-title bg-on\"><span class=\"separator-holder separator-left\"><\/span>Congreso \u00ab H\u00e1bitat, Migraci\u00f3n y Justicia Restaurativa \u00bb en El Salvador<span class=\"separator-holder separator-right\"><\/span><\/div><\/div>[vc_empty_space][vc_column_text]<\/p>\n<p style=\"text-align: center;\"><strong><span class=\"s6\">Del 26 al 29 de septiembre 2018<\/span><\/strong><\/p>\n<p>[\/vc_column_text][\/vc_column][\/vc_row][vc_row][vc_column width=\u00bb1\/2&#8243;][vc_single_image image=\u00bb396&#8243; img_size=\u00bblarge\u00bb alignment=\u00bbcenter\u00bb onclick=\u00bblink_image\u00bb][\/vc_column][vc_column width=\u00bb1\/2&#8243;][vc_single_image image=\u00bb394&#8243; img_size=\u00bblarge\u00bb alignment=\u00bbcenter\u00bb onclick=\u00bblink_image\u00bb][\/vc_column][\/vc_row][vc_row][vc_column][vc_column_text]El 5\u00b0 Congreso \u201cH\u00e1bitat, Migraci\u00f3n y Justicia Restaurativa\u201d fue realizado en el marco del 50 aniversario de FUNDASAL, del 26 al 29 de septiembre 2019, en la Universidad Centroamericana \u201cJos\u00e9 Sime\u00f3n Ca\u00f1as\u201d (UCA), cuya\u00a0asistencia total fue de aproximadamente 500 personas nacionales y extranjeras\u00a0pertenecientes a alcald\u00edas, agencias internacionales de cooperaci\u00f3n con sede en el pa\u00eds, organizaciones sociales, instituciones de educaci\u00f3n superior, organizaciones no gubernamentales, estudiantes universitarios, instituciones gubernamentales, entre otros.<\/p>\n<p>Delegaciones de socios de nuestro proyecto \u00abAcci\u00f3n por el h\u00e1bitat\u00bb vinieron de Hait\u00ed, Nicaragua y Francia para asistir al congreso.<\/p>\n<p>Ver la s\u00edntesis del congreso en video (8&#8217;22):<br \/>\n<a href=\"https:\/\/www.facebook.com\/watch\/?v=184695519102715\" target=\"_blank\" rel=\"noopener noreferrer\">https:\/\/www.facebook.com\/watch\/?v=184695519102715<\/a><\/p>\n<p>Ver el sitio Web del congreso:<br \/>\n<a href=\"https:\/\/congreso.fundasal.org.sv\/\" target=\"_blank\" rel=\"noopener noreferrer\">https:\/\/congreso.fundasal.org.sv\/<\/a>[\/vc_column_text][\/vc_column][\/vc_row]<\/p>\n<\/div>","protected":false},"excerpt":{"rendered":"<p>El 5\u00b0 Congreso \u00abH\u00e1bitat, Migraci\u00f3n y Justicia Restaurativa\u00bb del 26 al 29\/09\/2018&#8230;<\/p>\n","protected":false},"author":1,"featured_media":421,"comment_status":"closed","ping_status":"closed","sticky":false,"template":"","format":"standard","meta":[],"categories":[6],"tags":[],"yoast_head":"<!-- This site is optimized with the Yoast SEO plugin v17.5 - https:\/\/yoast.com\/wordpress\/plugins\/seo\/ -->\n<title>Congreso &quot;H\u00e1bitat, Migraci\u00f3n y Justicia Restaurativa&quot; - Action pour l&#039;habitat | Acci\u00f3n por el h\u00e1bitat<\/title>\n<meta name=\"robots\" content=\"index, follow, max-snippet:-1, max-image-preview:large, max-video-preview:-1\" \/>\n<link rel=\"canonical\" href=\"https:\/\/www.accion-habitat.org\/es\/congres-habitat\/\" \/>\n<meta property=\"og:locale\" content=\"es_ES\" \/>\n<meta property=\"og:type\" content=\"article\" \/>\n<meta property=\"og:title\" content=\"Congreso &quot;H\u00e1bitat, Migraci\u00f3n y Justicia Restaurativa&quot; - Action pour l&#039;habitat | Acci\u00f3n por el h\u00e1bitat\" \/>\n<meta property=\"og:description\" content=\"El 5\u00b0 Congreso &quot;H\u00e1bitat, Migraci\u00f3n y Justicia Restaurativa&quot; del 26 al 29\/09\/2018...\" \/>\n<meta property=\"og:url\" content=\"https:\/\/www.accion-habitat.org\/es\/congres-habitat\/\" \/>\n<meta property=\"og:site_name\" content=\"Action pour l&#039;habitat | Acci\u00f3n por el h\u00e1bitat\" \/>\n<meta property=\"article:published_time\" content=\"2019-05-10T22:58:27+00:00\" \/>\n<meta property=\"article:modified_time\" content=\"2019-09-05T20:22:04+00:00\" \/>\n<meta property=\"og:image\" content=\"https:\/\/www.accion-habitat.org\/wp-content\/uploads\/2019\/05\/Congreso-FUNDASAL-V.jpg\" \/>\n\t<meta property=\"og:image:width\" content=\"400\" \/>\n\t<meta property=\"og:image:height\" content=\"267\" \/>\n<meta name=\"twitter:card\" content=\"summary_large_image\" \/>\n<meta name=\"twitter:label1\" content=\"Escrito por\" \/>\n\t<meta name=\"twitter:data1\" content=\"renaud\" \/>\n\t<meta name=\"twitter:label2\" content=\"Tiempo de lectura\" \/>\n\t<meta name=\"twitter:data2\" content=\"1 minuto\" \/>\n<script type=\"application\/ld+json\" class=\"yoast-schema-graph\">{\"@context\":\"https:\/\/schema.org\",\"@graph\":[{\"@type\":\"WebSite\",\"@id\":\"https:\/\/www.accion-habitat.org\/es\/#website\",\"url\":\"https:\/\/www.accion-habitat.org\/es\/\",\"name\":\"Action pour l&#039;habitat | Acci\\u00f3n por el h\\u00e1bitat\",\"description\":\"intercambiar para cambiar | \\u00e9changer pour changer\",\"potentialAction\":[{\"@type\":\"SearchAction\",\"target\":{\"@type\":\"EntryPoint\",\"urlTemplate\":\"https:\/\/www.accion-habitat.org\/es\/?s={search_term_string}\"},\"query-input\":\"required name=search_term_string\"}],\"inLanguage\":\"es\"},{\"@type\":\"ImageObject\",\"@id\":\"https:\/\/www.accion-habitat.org\/es\/congres-habitat\/#primaryimage\",\"inLanguage\":\"es\",\"url\":\"https:\/\/www.accion-habitat.org\/wp-content\/uploads\/2019\/05\/Congreso-FUNDASAL-V.jpg\",\"contentUrl\":\"https:\/\/www.accion-habitat.org\/wp-content\/uploads\/2019\/05\/Congreso-FUNDASAL-V.jpg\",\"width\":400,\"height\":267},{\"@type\":\"WebPage\",\"@id\":\"https:\/\/www.accion-habitat.org\/es\/congres-habitat\/#webpage\",\"url\":\"https:\/\/www.accion-habitat.org\/es\/congres-habitat\/\",\"name\":\"Congreso \\\"H\\u00e1bitat, Migraci\\u00f3n y Justicia Restaurativa\\\" - Action pour l&#039;habitat | Acci\\u00f3n por el h\\u00e1bitat\",\"isPartOf\":{\"@id\":\"https:\/\/www.accion-habitat.org\/es\/#website\"},\"primaryImageOfPage\":{\"@id\":\"https:\/\/www.accion-habitat.org\/es\/congres-habitat\/#primaryimage\"},\"datePublished\":\"2019-05-10T22:58:27+00:00\",\"dateModified\":\"2019-09-05T20:22:04+00:00\",\"author\":{\"@id\":\"https:\/\/www.accion-habitat.org\/es\/#\/schema\/person\/d56052d97f67131ad32855a05b6ca2e6\"},\"breadcrumb\":{\"@id\":\"https:\/\/www.accion-habitat.org\/es\/congres-habitat\/#breadcrumb\"},\"inLanguage\":\"es\",\"potentialAction\":[{\"@type\":\"ReadAction\",\"target\":[\"https:\/\/www.accion-habitat.org\/es\/congres-habitat\/\"]}]},{\"@type\":\"BreadcrumbList\",\"@id\":\"https:\/\/www.accion-habitat.org\/es\/congres-habitat\/#breadcrumb\",\"itemListElement\":[{\"@type\":\"ListItem\",\"position\":1,\"name\":\"Accueil\",\"item\":\"https:\/\/www.accion-habitat.org\/es\/\"},{\"@type\":\"ListItem\",\"position\":2,\"name\":\"Congreso \\u00abH\\u00e1bitat, Migraci\\u00f3n y Justicia Restaurativa\\u00bb\"}]},{\"@type\":\"Person\",\"@id\":\"https:\/\/www.accion-habitat.org\/es\/#\/schema\/person\/d56052d97f67131ad32855a05b6ca2e6\",\"name\":\"renaud\",\"image\":{\"@type\":\"ImageObject\",\"@id\":\"https:\/\/www.accion-habitat.org\/es\/#personlogo\",\"inLanguage\":\"es\",\"url\":\"https:\/\/secure.gravatar.com\/avatar\/dafc5227e60c02b6896a90fe2d0adc90?s=96&d=mm&r=g\",\"contentUrl\":\"https:\/\/secure.gravatar.com\/avatar\/dafc5227e60c02b6896a90fe2d0adc90?s=96&d=mm&r=g\",\"caption\":\"renaud\"},\"url\":\"https:\/\/www.accion-habitat.org\/es\/author\/renaud\/\"}]}<\/script>\n<!-- \/ Yoast SEO plugin. -->","yoast_head_json":{"title":"Congreso \"H\u00e1bitat, Migraci\u00f3n y Justicia Restaurativa\" - Action pour l&#039;habitat | Acci\u00f3n por el h\u00e1bitat","robots":{"index":"index","follow":"follow","max-snippet":"max-snippet:-1","max-image-preview":"max-image-preview:large","max-video-preview":"max-video-preview:-1"},"canonical":"https:\/\/www.accion-habitat.org\/es\/congres-habitat\/","og_locale":"es_ES","og_type":"article","og_title":"Congreso \"H\u00e1bitat, Migraci\u00f3n y Justicia Restaurativa\" - Action pour l&#039;habitat | Acci\u00f3n por el h\u00e1bitat","og_description":"El 5\u00b0 Congreso \"H\u00e1bitat, Migraci\u00f3n y Justicia Restaurativa\" del 26 al 29\/09\/2018...","og_url":"https:\/\/www.accion-habitat.org\/es\/congres-habitat\/","og_site_name":"Action pour l&#039;habitat | Acci\u00f3n por el h\u00e1bitat","article_published_time":"2019-05-10T22:58:27+00:00","article_modified_time":"2019-09-05T20:22:04+00:00","og_image":[{"width":400,"height":267,"url":"https:\/\/www.accion-habitat.org\/wp-content\/uploads\/2019\/05\/Congreso-FUNDASAL-V.jpg","type":"image\/jpeg"}],"twitter_card":"summary_large_image","twitter_misc":{"Escrito por":"renaud","Tiempo de lectura":"1 minuto"},"schema":{"@context":"https:\/\/schema.org","@graph":[{"@type":"WebSite","@id":"https:\/\/www.accion-habitat.org\/es\/#website","url":"https:\/\/www.accion-habitat.org\/es\/","name":"Action pour l&#039;habitat | Acci\u00f3n por el h\u00e1bitat","description":"intercambiar para cambiar | \u00e9changer pour changer","potentialAction":[{"@type":"SearchAction","target":{"@type":"EntryPoint","urlTemplate":"https:\/\/www.accion-habitat.org\/es\/?s={search_term_string}"},"query-input":"required name=search_term_string"}],"inLanguage":"es"},{"@type":"ImageObject","@id":"https:\/\/www.accion-habitat.org\/es\/congres-habitat\/#primaryimage","inLanguage":"es","url":"https:\/\/www.accion-habitat.org\/wp-content\/uploads\/2019\/05\/Congreso-FUNDASAL-V.jpg","contentUrl":"https:\/\/www.accion-habitat.org\/wp-content\/uploads\/2019\/05\/Congreso-FUNDASAL-V.jpg","width":400,"height":267},{"@type":"WebPage","@id":"https:\/\/www.accion-habitat.org\/es\/congres-habitat\/#webpage","url":"https:\/\/www.accion-habitat.org\/es\/congres-habitat\/","name":"Congreso \"H\u00e1bitat, Migraci\u00f3n y Justicia Restaurativa\" - Action pour l&#039;habitat | Acci\u00f3n por el h\u00e1bitat","isPartOf":{"@id":"https:\/\/www.accion-habitat.org\/es\/#website"},"primaryImageOfPage":{"@id":"https:\/\/www.accion-habitat.org\/es\/congres-habitat\/#primaryimage"},"datePublished":"2019-05-10T22:58:27+00:00","dateModified":"2019-09-05T20:22:04+00:00","author":{"@id":"https:\/\/www.accion-habitat.org\/es\/#\/schema\/person\/d56052d97f67131ad32855a05b6ca2e6"},"breadcrumb":{"@id":"https:\/\/www.accion-habitat.org\/es\/congres-habitat\/#breadcrumb"},"inLanguage":"es","potentialAction":[{"@type":"ReadAction","target":["https:\/\/www.accion-habitat.org\/es\/congres-habitat\/"]}]},{"@type":"BreadcrumbList","@id":"https:\/\/www.accion-habitat.org\/es\/congres-habitat\/#breadcrumb","itemListElement":[{"@type":"ListItem","position":1,"name":"Accueil","item":"https:\/\/www.accion-habitat.org\/es\/"},{"@type":"ListItem","position":2,"name":"Congreso \u00abH\u00e1bitat, Migraci\u00f3n y Justicia Restaurativa\u00bb"}]},{"@type":"Person","@id":"https:\/\/www.accion-habitat.org\/es\/#\/schema\/person\/d56052d97f67131ad32855a05b6ca2e6","name":"renaud","image":{"@type":"ImageObject","@id":"https:\/\/www.accion-habitat.org\/es\/#personlogo","inLanguage":"es","url":"https:\/\/secure.gravatar.com\/avatar\/dafc5227e60c02b6896a90fe2d0adc90?s=96&d=mm&r=g","contentUrl":"https:\/\/secure.gravatar.com\/avatar\/dafc5227e60c02b6896a90fe2d0adc90?s=96&d=mm&r=g","caption":"renaud"},"url":"https:\/\/www.accion-habitat.org\/es\/author\/renaud\/"}]}},"_links":{"self":[{"href":"https:\/\/www.accion-habitat.org\/es\/wp-json\/wp\/v2\/posts\/139"}],"collection":[{"href":"https:\/\/www.accion-habitat.org\/es\/wp-json\/wp\/v2\/posts"}],"about":[{"href":"https:\/\/www.accion-habitat.org\/es\/wp-json\/wp\/v2\/types\/post"}],"author":[{"embeddable":true,"href":"https:\/\/www.accion-habitat.org\/es\/wp-json\/wp\/v2\/users\/1"}],"replies":[{"embeddable":true,"href":"https:\/\/www.accion-habitat.org\/es\/wp-json\/wp\/v2\/comments?post=139"}],"version-history":[{"count":15,"href":"https:\/\/www.accion-habitat.org\/es\/wp-json\/wp\/v2\/posts\/139\/revisions"}],"predecessor-version":[{"id":859,"href":"https:\/\/www.accion-habitat.org\/es\/wp-json\/wp\/v2\/posts\/139\/revisions\/859"}],"wp:featuredmedia":[{"embeddable":true,"href":"https:\/\/www.accion-habitat.org\/es\/wp-json\/wp\/v2\/media\/421"}],"wp:attachment":[{"href":"https:\/\/www.accion-habitat.org\/es\/wp-json\/wp\/v2\/media?parent=139"}],"wp:term":[{"taxonomy":"category","embeddable":true,"href":"https:\/\/www.accion-habitat.org\/es\/wp-json\/wp\/v2\/categories?post=139"},{"taxonomy":"post_tag","embeddable":true,"href":"https:\/\/www.accion-habitat.org\/es\/wp-json\/wp\/v2\/tags?post=139"}],"curies":[{"name":"wp","href":"https:\/\/api.w.org\/{rel}","templated":true}]}}